{"id":170906,"date":"2020-05-22T07:05:47","date_gmt":"2020-05-22T10:05:47","guid":{"rendered":"https:\/\/www.caririemacao.com\/1\/?p=170906"},"modified":"2020-05-22T07:05:47","modified_gmt":"2020-05-22T10:05:47","slug":"oposicao-e-400-entidades-protocolam-pedido-de-impeachment-contra-bolsonaro","status":"publish","type":"post","link":"https:\/\/www.caririemacao.com\/1\/2020\/05\/22\/oposicao-e-400-entidades-protocolam-pedido-de-impeachment-contra-bolsonaro\/","title":{"rendered":"Oposi\u00e7\u00e3o e 400 entidades protocolam pedido de impeachment contra Bolsonaro"},"content":{"rendered":"\n<p>Partidos da oposi\u00e7\u00e3o protocolaram nesta quinta-feira (21\/05), em conjunto com outras 400 entidades, o pedido de impeachment do presidente Jair Bolsonaro (sem partido).&nbsp;O texto \u00e9 assinado pelas seguintes siglas: PT, PCdoB, PSol, PCB, PCO, PSTU e UP. Os parlamentares destacaram ser \u201co maior pedido de impeachment\u201d contra o presidente.<\/p>\n\n\n\n<p>Agora, a C\u00e2mara dos Deputados acumula 32 pedidos de impeachment, al\u00e9m de ao menos sete CPIs para investigar o atual presidente da Rep\u00fablica.<\/p>\n\n\n\n<p>De acordo com o documento, Bolsonaro cometeu crimes de responsabilidade e atentou contra a sa\u00fade p\u00fablica do pa\u00eds em meio \u00e0 pandemia do novo coronav\u00edrus.<\/p>\n\n\n\n<p>Para a deputada federal Gleisi Hoffmann (PT-PR), presidente do PT, Bolsonaro n\u00e3o tem condi\u00e7\u00f5es pol\u00edticas, administrativas e humanas de governar o Brasil.<\/p>\n\n\n\n<p>\u201cEntendemos que com Bolsonaro \u00e9 imposs\u00edvel o pa\u00eds enfrentar essa crise. Bolsonaro e seu governo n\u00e3o conseguem responder a altura das necessidades da na\u00e7\u00e3o brasileira\u201d, disse.<\/p>\n\n\n\n<p>Enquanto isso, o presidente da C\u00e2mara dos Deputados, Rodrigo Maia (DEM-RJ), se reunia com Bolsonaro e o presidente do Senado, Davi Alcolumbre (DEM-AP), em uma videoconfer\u00eancia com governadores.<\/p>\n\n\n\n<p>Maia est\u00e1 sendo fortemente cobrado para dar in\u00edcio ao processo de impeachment de Bolsonaro, mas ele disse que n\u00e3o \u201ch\u00e1 clima\u201d para isso, em refer\u00eancia ao atual contexto da pandemia.<\/p>\n","protected":false},"excerpt":{"rendered":"<p>Partidos da oposi\u00e7\u00e3o protocolaram nesta quinta-feira (21\/05), em conjunto com outras 400 entidades, o pedido de impeachment do presidente Jair Bolsonaro (sem partido).&nbsp;O texto \u00e9&hellip; <\/p>\n","protected":false},"author":2,"featured_media":170907,"comment_status":"closed","ping_status":"closed","sticky":false,"template":"","format":"standard","meta":{"sfsi_plus_gutenberg_text_before_share":"","sfsi_plus_gutenberg_show_text_before_share":"","sfsi_plus_gutenberg_icon_type":"","sfsi_plus_gutenberg_icon_alignemt":"","sfsi_plus_gutenburg_max_per_row":"","footnotes":""},"categories":[50,11],"tags":[],"class_list":["post-170906","post","type-post","status-publish","format-standard","has-post-thumbnail","hentry","category-destaque","category-politica"],"_links":{"self":[{"href":"https:\/\/www.caririemacao.com\/1\/wp-json\/wp\/v2\/posts\/170906","targetHints":{"allow":["GET"]}}],"collection":[{"href":"https:\/\/www.caririemacao.com\/1\/wp-json\/wp\/v2\/posts"}],"about":[{"href":"https:\/\/www.caririemacao.com\/1\/wp-json\/wp\/v2\/types\/post"}],"author":[{"embeddable":true,"href":"https:\/\/www.caririemacao.com\/1\/wp-json\/wp\/v2\/users\/2"}],"replies":[{"embeddable":true,"href":"https:\/\/www.caririemacao.com\/1\/wp-json\/wp\/v2\/comments?post=170906"}],"version-history":[{"count":1,"href":"https:\/\/www.caririemacao.com\/1\/wp-json\/wp\/v2\/posts\/170906\/revisions"}],"predecessor-version":[{"id":170908,"href":"https:\/\/www.caririemacao.com\/1\/wp-json\/wp\/v2\/posts\/170906\/revisions\/170908"}],"wp:featuredmedia":[{"embeddable":true,"href":"https:\/\/www.caririemacao.com\/1\/wp-json\/wp\/v2\/media\/170907"}],"wp:attachment":[{"href":"https:\/\/www.caririemacao.com\/1\/wp-json\/wp\/v2\/media?parent=170906"}],"wp:term":[{"taxonomy":"category","embeddable":true,"href":"https:\/\/www.caririemacao.com\/1\/wp-json\/wp\/v2\/categories?post=170906"},{"taxonomy":"post_tag","embeddable":true,"href":"https:\/\/www.caririemacao.com\/1\/wp-json\/wp\/v2\/tags?post=170906"}],"curies":[{"name":"wp","href":"https:\/\/api.w.org\/{rel}","templated":true}]}}