{"id":170914,"date":"2020-05-22T07:09:05","date_gmt":"2020-05-22T10:09:05","guid":{"rendered":"https:\/\/www.caririemacao.com\/1\/?p=170914"},"modified":"2020-05-22T07:09:05","modified_gmt":"2020-05-22T10:09:05","slug":"governo-federal-suspende-temporariamente-alteracoes-cadastrais-de-beneficiarios-do-bolsa-familia","status":"publish","type":"post","link":"https:\/\/www.caririemacao.com\/1\/2020\/05\/22\/governo-federal-suspende-temporariamente-alteracoes-cadastrais-de-beneficiarios-do-bolsa-familia\/","title":{"rendered":"Governo Federal suspende temporariamente altera\u00e7\u00f5es cadastrais de benefici\u00e1rios do Bolsa Fam\u00edlia"},"content":{"rendered":"\n<p>O governo federal determinou a suspens\u00e3o&nbsp;<strong>das atualiza\u00e7\u00f5es cadastrais de benefici\u00e1rios do Bolsa Fam\u00edlia<\/strong>&nbsp;enquanto o aux\u00edlio emergencial de R$ 600 estiver sendo pago. Tamb\u00e9m est\u00e3o paralisadas \u201ca\u00e7\u00f5es de administra\u00e7\u00e3o de benef\u00edcios\u201d, como o bloqueio ou suspens\u00e3o do pagamento. A medida consta na &nbsp;Portaria &nbsp;n\u00b0 387, de 15 de maio de 2020, do Minist\u00e9rio da Cidadania, publicada no Di\u00e1rio Oficial da Uni\u00e3o (DOU) de segunda-feira, 18.<\/p>\n\n\n\n<p>Ao determinar as suspens\u00f5es, o Minist\u00e9rio da Cidadania afirma considerar a necessidade de evitar aglomera\u00e7\u00f5es de pessoas que poderiam expor ao coronav\u00edrus os integrantes de fam\u00edlias benefici\u00e1rias do Bolsa Fam\u00edlia e os cidad\u00e3os que trabalham em unidades de cadastramento.<\/p>\n\n\n\n<p>O governo destaca ainda que as opera\u00e7\u00f5es do Bolsa Fam\u00edlia e do Cadastro \u00danico est\u00e3o prejudicadas por situa\u00e7\u00f5es como suspens\u00e3o de aulas, direcionamento de unidades de sa\u00fade para atender aos infectados pela covid-19, e pelo fechamento dos Centros de Refer\u00eancia de Assist\u00eancia Social (CRAS) e demais postos de cadastramento para recebimento do benef\u00edcio.<\/p>\n\n\n\n<p>Na portaria, o governo n\u00e3o fixa uma data para o fim da suspens\u00e3o. O texto diz apenas que as mudan\u00e7as valer\u00e3o enquanto o aux\u00edlio emergencial for pago. A medida vale para todos os munic\u00edpios.<\/p>\n\n\n\n<p><em>Com informa\u00e7\u00f5es do Minist\u00e9rio da Cidadania<\/em><\/p>\n","protected":false},"excerpt":{"rendered":"<p>O governo federal determinou a suspens\u00e3o&nbsp;das atualiza\u00e7\u00f5es cadastrais de benefici\u00e1rios do Bolsa Fam\u00edlia&nbsp;enquanto o aux\u00edlio emergencial de R$ 600 estiver sendo pago. Tamb\u00e9m est\u00e3o paralisadas&hellip; <\/p>\n","protected":false},"author":2,"featured_media":157053,"comment_status":"closed","ping_status":"closed","sticky":false,"template":"","format":"standard","meta":{"sfsi_plus_gutenberg_text_before_share":"","sfsi_plus_gutenberg_show_text_before_share":"","sfsi_plus_gutenberg_icon_type":"","sfsi_plus_gutenberg_icon_alignemt":"","sfsi_plus_gutenburg_max_per_row":"","footnotes":""},"categories":[50,2],"tags":[],"class_list":["post-170914","post","type-post","status-publish","format-standard","has-post-thumbnail","hentry","category-destaque","category-geral"],"_links":{"self":[{"href":"https:\/\/www.caririemacao.com\/1\/wp-json\/wp\/v2\/posts\/170914","targetHints":{"allow":["GET"]}}],"collection":[{"href":"https:\/\/www.caririemacao.com\/1\/wp-json\/wp\/v2\/posts"}],"about":[{"href":"https:\/\/www.caririemacao.com\/1\/wp-json\/wp\/v2\/types\/post"}],"author":[{"embeddable":true,"href":"https:\/\/www.caririemacao.com\/1\/wp-json\/wp\/v2\/users\/2"}],"replies":[{"embeddable":true,"href":"https:\/\/www.caririemacao.com\/1\/wp-json\/wp\/v2\/comments?post=170914"}],"version-history":[{"count":1,"href":"https:\/\/www.caririemacao.com\/1\/wp-json\/wp\/v2\/posts\/170914\/revisions"}],"predecessor-version":[{"id":170915,"href":"https:\/\/www.caririemacao.com\/1\/wp-json\/wp\/v2\/posts\/170914\/revisions\/170915"}],"wp:featuredmedia":[{"embeddable":true,"href":"https:\/\/www.caririemacao.com\/1\/wp-json\/wp\/v2\/media\/157053"}],"wp:attachment":[{"href":"https:\/\/www.caririemacao.com\/1\/wp-json\/wp\/v2\/media?parent=170914"}],"wp:term":[{"taxonomy":"category","embeddable":true,"href":"https:\/\/www.caririemacao.com\/1\/wp-json\/wp\/v2\/categories?post=170914"},{"taxonomy":"post_tag","embeddable":true,"href":"https:\/\/www.caririemacao.com\/1\/wp-json\/wp\/v2\/tags?post=170914"}],"curies":[{"name":"wp","href":"https:\/\/api.w.org\/{rel}","templated":true}]}}