{"id":170917,"date":"2020-05-22T07:11:02","date_gmt":"2020-05-22T10:11:02","guid":{"rendered":"https:\/\/www.caririemacao.com\/1\/?p=170917"},"modified":"2020-05-22T07:11:02","modified_gmt":"2020-05-22T10:11:02","slug":"municipios-comecam-a-receber-recursos-para-acoes-emergenciais-de-assistencia-social","status":"publish","type":"post","link":"https:\/\/www.caririemacao.com\/1\/2020\/05\/22\/municipios-comecam-a-receber-recursos-para-acoes-emergenciais-de-assistencia-social\/","title":{"rendered":"Munic\u00edpios come\u00e7am a receber recursos para a\u00e7\u00f5es emergenciais de Assist\u00eancia Social"},"content":{"rendered":"\n<p>Os munic\u00edpios come\u00e7aram a receber os recursos extraordin\u00e1rios previstos na Medida Provis\u00f3ria (MP) 953\/2020 que devem ser utilizados apenas para a\u00e7\u00f5es emergenciais de enfrentamento da Covid-19 no \u00e2mbito do Sistema \u00danico de Assist\u00eancia Social (Suas). A Federa\u00e7\u00e3o das Associa\u00e7\u00f5es de Munic\u00edpios da Para\u00edba (Famup) destaca que o Minist\u00e9rio da Cidadania editou duas portarias (369\/2020 e a 378\/2020) a respeito do recurso extraordin\u00e1rio e que as indica\u00e7\u00f5es devem ser seguidas pelos gestores.<\/p>\n\n\n\n<p>Na primeira Portaria, a 369\/2020, os gestores devem destinar os recursos para a estrutura\u00e7\u00e3o da rede do Suas e a realiza\u00e7\u00e3o de a\u00e7\u00f5es socioassistenciais, definindo que o cr\u00e9dito extraordin\u00e1rio tem que ser voltado para aquisi\u00e7\u00e3o de equipamentos de prote\u00e7\u00e3o individual (EPIs) e de alimentos, al\u00e9m do acolhimento de p\u00fablico priorit\u00e1rio indicado na normativa.<\/p>\n\n\n\n<p>Para operacionaliza\u00e7\u00e3o desses valores, o Fundo Nacional de Assist\u00eancia Social (FNAS) est\u00e1 abrindo at\u00e9 tr\u00eas contas junto ao Banco do Brasil, sendo uma para cada tipo de cr\u00e9dito. Lembrando que o montante \u00e9 creditado de modo a identificar sua origem e finalidade, como por exemplo: A\u00e7\u00f5es do Covid no Suas para EPI \u2013 Portaria 369. Vale destacar ainda que, para receber, \u00e9 preciso realizar aceite eletr\u00f4nico e informar o Conselho Municipal de Assist\u00eancia Social (Cmas).<\/p>\n\n\n\n<p>J\u00e1 na Portaria 378\/2020, os prefeitos ter\u00e3o que utilizar os recursos extraordin\u00e1rios para incremento tempor\u00e1rio na execu\u00e7\u00e3o de a\u00e7\u00f5es socioassistenciais no \u00e2mbito da Prote\u00e7\u00e3o Social B\u00e1sica e Especial. Para isso, considera os servi\u00e7os socioassistenciais ofertados nos Centros de Refer\u00eancia da Assist\u00eancia Social (Cras) e nos Centros de Refer\u00eancia Especializado da Assist\u00eancia Social (Creas).<\/p>\n\n\n\n<p>A Confedera\u00e7\u00e3o Nacional de Munic\u00edpios (CNM) destaca que os repasses dever\u00e3o fortalecer o trabalho no \u00e2mbito da Prote\u00e7\u00e3o Social B\u00e1sica e Especial, como aumentar a capacidade de atendimento e de pagamento e contrata\u00e7\u00e3o de pessoal, e realizar campanhas para informar os usu\u00e1rios a respeito das medidas de prote\u00e7\u00e3o contra o novo coronav\u00edrus. O recurso entrar\u00e1 nas contas j\u00e1 existentes, de modo a identificar sua origem e finalidade, como: Incremento Tempor\u00e1rio ao Bloco da Prote\u00e7\u00e3o \u2013 A\u00e7\u00f5es de Combate \u00e0 Covid-19. Sendo assim, n\u00e3o h\u00e1 aceite eletr\u00f4nico.<\/p>\n\n\n\n<p>A Famup destaca ainda que os prefeitos devem ficar atentos j\u00e1 que a origem do recurso \u00e9 a mesma (a MP 953\/2020), mas as portarias apresentam finalidades espec\u00edficas para seu uso em fun\u00e7\u00e3o das necessidades mais urgentes apresentadas pela Covid-19. As a\u00e7\u00f5es, portanto, se complementam.<\/p>\n\n\n\n<p>Recursos \u2013 A CNM aponta ainda que dos R$ 2,55 bilh\u00f5es previstos na MP 953\/2020, estima-se que ser\u00e3o destinados cerca de R$ 899 milh\u00f5es pela Portaria 369\/2020 e cerca de R$ 600 milh\u00f5es pela Portaria 378\/2020. O que deixa uma sobra de pouco mais de R$ 1 bilh\u00e3o para ser investido em a\u00e7\u00f5es do Suas com foco no enfrentamento da doen\u00e7a.<\/p>\n","protected":false},"excerpt":{"rendered":"<p>Os munic\u00edpios come\u00e7aram a receber os recursos extraordin\u00e1rios previstos na Medida Provis\u00f3ria (MP) 953\/2020 que devem ser utilizados apenas para a\u00e7\u00f5es emergenciais de enfrentamento da&hellip; <\/p>\n","protected":false},"author":2,"featured_media":165058,"comment_status":"closed","ping_status":"closed","sticky":false,"template":"","format":"standard","meta":{"sfsi_plus_gutenberg_text_before_share":"","sfsi_plus_gutenberg_show_text_before_share":"","sfsi_plus_gutenberg_icon_type":"","sfsi_plus_gutenberg_icon_alignemt":"","sfsi_plus_gutenburg_max_per_row":"","footnotes":""},"categories":[6],"tags":[],"class_list":["post-170917","post","type-post","status-publish","format-standard","has-post-thumbnail","hentry","category-cidades"],"_links":{"self":[{"href":"https:\/\/www.caririemacao.com\/1\/wp-json\/wp\/v2\/posts\/170917","targetHints":{"allow":["GET"]}}],"collection":[{"href":"https:\/\/www.caririemacao.com\/1\/wp-json\/wp\/v2\/posts"}],"about":[{"href":"https:\/\/www.caririemacao.com\/1\/wp-json\/wp\/v2\/types\/post"}],"author":[{"embeddable":true,"href":"https:\/\/www.caririemacao.com\/1\/wp-json\/wp\/v2\/users\/2"}],"replies":[{"embeddable":true,"href":"https:\/\/www.caririemacao.com\/1\/wp-json\/wp\/v2\/comments?post=170917"}],"version-history":[{"count":1,"href":"https:\/\/www.caririemacao.com\/1\/wp-json\/wp\/v2\/posts\/170917\/revisions"}],"predecessor-version":[{"id":170918,"href":"https:\/\/www.caririemacao.com\/1\/wp-json\/wp\/v2\/posts\/170917\/revisions\/170918"}],"wp:featuredmedia":[{"embeddable":true,"href":"https:\/\/www.caririemacao.com\/1\/wp-json\/wp\/v2\/media\/165058"}],"wp:attachment":[{"href":"https:\/\/www.caririemacao.com\/1\/wp-json\/wp\/v2\/media?parent=170917"}],"wp:term":[{"taxonomy":"category","embeddable":true,"href":"https:\/\/www.caririemacao.com\/1\/wp-json\/wp\/v2\/categories?post=170917"},{"taxonomy":"post_tag","embeddable":true,"href":"https:\/\/www.caririemacao.com\/1\/wp-json\/wp\/v2\/tags?post=170917"}],"curies":[{"name":"wp","href":"https:\/\/api.w.org\/{rel}","templated":true}]}}