{"id":170920,"date":"2020-05-22T07:13:04","date_gmt":"2020-05-22T10:13:04","guid":{"rendered":"https:\/\/www.caririemacao.com\/1\/?p=170920"},"modified":"2020-05-22T07:13:04","modified_gmt":"2020-05-22T10:13:04","slug":"paraiba-passa-de-6-mil-casos-de-covid-19-nesta-quinta-feira-21-obitos-chegam-a-245","status":"publish","type":"post","link":"https:\/\/www.caririemacao.com\/1\/2020\/05\/22\/paraiba-passa-de-6-mil-casos-de-covid-19-nesta-quinta-feira-21-obitos-chegam-a-245\/","title":{"rendered":"Para\u00edba passa de 6 mil casos de Covid-19 nesta quinta-feira (21); \u00f3bitos chegam a 245"},"content":{"rendered":"\n<p>O boletim epidemiol\u00f3gico emitido pela Secretaria de Sa\u00fade da Para\u00edba nesta quinta-feira (21) informa 6.238 casos de Covid-19 confirmados no Estado nas \u00faltimas 24 horas. O n\u00famero de \u00f3bitos tamb\u00e9m subiu: de 230 ontem, quarta-feira (20), para 245 hoje. No espa\u00e7o de um dia, 15 pessoas morreram na Para\u00edba por causa do novo coronav\u00edrus.<\/p>\n\n\n\n<p>Confira os dados:<\/p>\n\n\n\n<p>Para\u00edba confirma 400 novos casos de Covid-19 em 24h<br>Casos Confirmados: 6238<br>Casos Descartados: 6245<br>\u00d3bitos confirmados: 245<br>Casos recuperados: 1997<br>Total de munic\u00edpios: 161<\/p>\n","protected":false},"excerpt":{"rendered":"<p>O boletim epidemiol\u00f3gico emitido pela Secretaria de Sa\u00fade da Para\u00edba nesta quinta-feira (21) informa 6.238 casos de Covid-19 confirmados no Estado nas \u00faltimas 24 horas.&hellip; <\/p>\n","protected":false},"author":2,"featured_media":169296,"comment_status":"closed","ping_status":"closed","sticky":false,"template":"","format":"standard","meta":{"sfsi_plus_gutenberg_text_before_share":"","sfsi_plus_gutenberg_show_text_before_share":"","sfsi_plus_gutenberg_icon_type":"","sfsi_plus_gutenberg_icon_alignemt":"","sfsi_plus_gutenburg_max_per_row":"","footnotes":""},"categories":[2],"tags":[],"class_list":["post-170920","post","type-post","status-publish","format-standard","has-post-thumbnail","hentry","category-geral"],"_links":{"self":[{"href":"https:\/\/www.caririemacao.com\/1\/wp-json\/wp\/v2\/posts\/170920","targetHints":{"allow":["GET"]}}],"collection":[{"href":"https:\/\/www.caririemacao.com\/1\/wp-json\/wp\/v2\/posts"}],"about":[{"href":"https:\/\/www.caririemacao.com\/1\/wp-json\/wp\/v2\/types\/post"}],"author":[{"embeddable":true,"href":"https:\/\/www.caririemacao.com\/1\/wp-json\/wp\/v2\/users\/2"}],"replies":[{"embeddable":true,"href":"https:\/\/www.caririemacao.com\/1\/wp-json\/wp\/v2\/comments?post=170920"}],"version-history":[{"count":1,"href":"https:\/\/www.caririemacao.com\/1\/wp-json\/wp\/v2\/posts\/170920\/revisions"}],"predecessor-version":[{"id":170921,"href":"https:\/\/www.caririemacao.com\/1\/wp-json\/wp\/v2\/posts\/170920\/revisions\/170921"}],"wp:featuredmedia":[{"embeddable":true,"href":"https:\/\/www.caririemacao.com\/1\/wp-json\/wp\/v2\/media\/169296"}],"wp:attachment":[{"href":"https:\/\/www.caririemacao.com\/1\/wp-json\/wp\/v2\/media?parent=170920"}],"wp:term":[{"taxonomy":"category","embeddable":true,"href":"https:\/\/www.caririemacao.com\/1\/wp-json\/wp\/v2\/categories?post=170920"},{"taxonomy":"post_tag","embeddable":true,"href":"https:\/\/www.caririemacao.com\/1\/wp-json\/wp\/v2\/tags?post=170920"}],"curies":[{"name":"wp","href":"https:\/\/api.w.org\/{rel}","templated":true}]}}