{"id":170927,"date":"2020-05-22T10:02:26","date_gmt":"2020-05-22T13:02:26","guid":{"rendered":"https:\/\/www.caririemacao.com\/1\/?p=170927"},"modified":"2020-05-22T10:02:26","modified_gmt":"2020-05-22T13:02:26","slug":"projeto-solo-na-escola-ufcg-realiza-minicurso-virtual-sobre-montagem-de-composteira-domestica","status":"publish","type":"post","link":"https:\/\/www.caririemacao.com\/1\/2020\/05\/22\/projeto-solo-na-escola-ufcg-realiza-minicurso-virtual-sobre-montagem-de-composteira-domestica\/","title":{"rendered":"Projeto Solo na Escola\/UFCG realiza minicurso virtual sobre montagem de composteira dom\u00e9stica"},"content":{"rendered":"\n<p>O Projeto Solo na Escola\/UFCG, desenvolvido no Centro de Desenvolvimento Sustent\u00e1vel do Semi\u00e1rido da Universidade Federal de Campina Grande, realizar\u00e1 neste dia 21 de maio, \u00e0s 19h30min, em parceria com o projeto Solo na Escola UENP, o minicurso virtual \u201cMontagem de uma composteira dom\u00e9stica\u201d.<\/p>\n\n\n\n<p>A atividade ser\u00e1 transmitida na plataforma Google Meet, no link&nbsp;<a href=\"https:\/\/meet.google.com\/zay-dymr-avp\" target=\"_blank\" rel=\"noreferrer noopener\">meet.google.com\/zay-dymr-avp<\/a>. Ser\u00e3o emitidos certificados para os participantes que conclu\u00edrem a atividade.<\/p>\n\n\n\n<p>A compostagem pode ser uma alternativa para dar uma melhor destina\u00e7\u00e3o ao material org\u00e2nico. O m\u00e9todo permite transformar restos de alimentos em um adubo f\u00e9rtil e \u00e9 capaz de diminuir a quantidade de res\u00edduos encaminhados aos aterros sanit\u00e1rios e lix\u00f5es.<\/p>\n\n\n\n<p>O projeto Solo na Escola\/UFCG \u00e9 coordenado pela professora Adriana de F\u00e1tima Meira Vital. J\u00e1 o projeto Solo na Escola UENP (Universidade Estadual do Norte do Paran\u00e1) tem coordena\u00e7\u00e3o da professora, Jully Gabriela Retzlaf de Oliveira.<\/p>\n\n\n\n<p>Acesse o instagram&nbsp;<a href=\"https:\/\/www.instagram.com\/solonaescolaufcg\" target=\"_blank\" rel=\"noreferrer noopener\">@solonaescolaufcg<\/a>&nbsp;e veja a lista de material necess\u00e1rio para a montagem da composteira.<\/p>\n\n\n\n<p>Assimp CDSA\/UFCG<\/p>\n","protected":false},"excerpt":{"rendered":"<p>O Projeto Solo na Escola\/UFCG, desenvolvido no Centro de Desenvolvimento Sustent\u00e1vel do Semi\u00e1rido da Universidade Federal de Campina Grande, realizar\u00e1 neste dia 21 de maio,&hellip; <\/p>\n","protected":false},"author":2,"featured_media":170928,"comment_status":"closed","ping_status":"closed","sticky":false,"template":"","format":"standard","meta":{"sfsi_plus_gutenberg_text_before_share":"","sfsi_plus_gutenberg_show_text_before_share":"","sfsi_plus_gutenberg_icon_type":"","sfsi_plus_gutenberg_icon_alignemt":"","sfsi_plus_gutenburg_max_per_row":"","footnotes":""},"categories":[2],"tags":[],"class_list":["post-170927","post","type-post","status-publish","format-standard","has-post-thumbnail","hentry","category-geral"],"_links":{"self":[{"href":"https:\/\/www.caririemacao.com\/1\/wp-json\/wp\/v2\/posts\/170927","targetHints":{"allow":["GET"]}}],"collection":[{"href":"https:\/\/www.caririemacao.com\/1\/wp-json\/wp\/v2\/posts"}],"about":[{"href":"https:\/\/www.caririemacao.com\/1\/wp-json\/wp\/v2\/types\/post"}],"author":[{"embeddable":true,"href":"https:\/\/www.caririemacao.com\/1\/wp-json\/wp\/v2\/users\/2"}],"replies":[{"embeddable":true,"href":"https:\/\/www.caririemacao.com\/1\/wp-json\/wp\/v2\/comments?post=170927"}],"version-history":[{"count":1,"href":"https:\/\/www.caririemacao.com\/1\/wp-json\/wp\/v2\/posts\/170927\/revisions"}],"predecessor-version":[{"id":170929,"href":"https:\/\/www.caririemacao.com\/1\/wp-json\/wp\/v2\/posts\/170927\/revisions\/170929"}],"wp:featuredmedia":[{"embeddable":true,"href":"https:\/\/www.caririemacao.com\/1\/wp-json\/wp\/v2\/media\/170928"}],"wp:attachment":[{"href":"https:\/\/www.caririemacao.com\/1\/wp-json\/wp\/v2\/media?parent=170927"}],"wp:term":[{"taxonomy":"category","embeddable":true,"href":"https:\/\/www.caririemacao.com\/1\/wp-json\/wp\/v2\/categories?post=170927"},{"taxonomy":"post_tag","embeddable":true,"href":"https:\/\/www.caririemacao.com\/1\/wp-json\/wp\/v2\/tags?post=170927"}],"curies":[{"name":"wp","href":"https:\/\/api.w.org\/{rel}","templated":true}]}}