{"id":170931,"date":"2020-05-22T10:04:29","date_gmt":"2020-05-22T13:04:29","guid":{"rendered":"https:\/\/www.caririemacao.com\/1\/?p=170931"},"modified":"2020-05-22T10:04:29","modified_gmt":"2020-05-22T13:04:29","slug":"prefeitura-de-sao-sebastiao-do-umbuzeiro-lanca-campanha-para-incentivar-comercio-local","status":"publish","type":"post","link":"https:\/\/www.caririemacao.com\/1\/2020\/05\/22\/prefeitura-de-sao-sebastiao-do-umbuzeiro-lanca-campanha-para-incentivar-comercio-local\/","title":{"rendered":"Prefeitura de S\u00e3o Sebasti\u00e3o do Umbuzeiro lan\u00e7a campanha para incentivar com\u00e9rcio local"},"content":{"rendered":"\n<p>A Prefeitura Municipal de S\u00e3o Sebasti\u00e3o do Umbuzeiro lan\u00e7ou uma bel\u00edssima campanha com o objetivo de aquecer o com\u00e9rcio local, que tem sofrido bastante os efeitos da pandemia em virtude das determina\u00e7\u00f5es da Organiza\u00e7\u00e3o Mundial de Sa\u00fade.<\/p>\n\n\n\n<p><br>A campanha incentiva o consumo e as compras no com\u00e9rcio local, para que o mesmo seja valorizado e a economia do munic\u00edpio continue funcionando.<\/p>\n\n\n\n<p><br>\u201cTodos os comerciantes s\u00e3osebastianenses est\u00e3o com\u00a0<strong>Delivery<\/strong>, ou seja, realizando as entregas no conforto da resid\u00eancia de cada cliente, seja de qual produto for, desde medicamentos, material de constru\u00e7\u00e3o, g\u00eaneros aliment\u00edcios, frutas e verduras, lanchonetes, roupas, m\u00f3veis, eletrodom\u00e9sticos e tudo mais\u201d, afirmou o prefeito Adriano Wolff.<\/p>\n\n\n\n<p><br>O munic\u00edpio de S\u00e3o Sebasti\u00e3o do Umbuzeiro continua sendo um dos \u00fanicos que ainda n\u00e3o registrou casos de coronav\u00edrus no Cariri, isso gra\u00e7as muito \u00e0 obedi\u00eancia das medidas restritivas, e os comerciantes tem se sacrificado para colaborar, ent\u00e3o a campanha tem o objetivo de reconhecer este esfor\u00e7o, valorizando o com\u00e9rcio local, al\u00e9m de evitar ainda mais que a popula\u00e7\u00e3o saia de casa.<\/p>\n\n\n\n<p><br><strong>F\u00c1BIO BRITO<\/strong><\/p>\n","protected":false},"excerpt":{"rendered":"<p>A Prefeitura Municipal de S\u00e3o Sebasti\u00e3o do Umbuzeiro lan\u00e7ou uma bel\u00edssima campanha com o objetivo de aquecer o com\u00e9rcio local, que tem sofrido bastante os&hellip; <\/p>\n","protected":false},"author":2,"featured_media":170932,"comment_status":"closed","ping_status":"closed","sticky":false,"template":"","format":"standard","meta":{"sfsi_plus_gutenberg_text_before_share":"","sfsi_plus_gutenberg_show_text_before_share":"","sfsi_plus_gutenberg_icon_type":"","sfsi_plus_gutenberg_icon_alignemt":"","sfsi_plus_gutenburg_max_per_row":"","footnotes":""},"categories":[6],"tags":[],"class_list":["post-170931","post","type-post","status-publish","format-standard","has-post-thumbnail","hentry","category-cidades"],"_links":{"self":[{"href":"https:\/\/www.caririemacao.com\/1\/wp-json\/wp\/v2\/posts\/170931","targetHints":{"allow":["GET"]}}],"collection":[{"href":"https:\/\/www.caririemacao.com\/1\/wp-json\/wp\/v2\/posts"}],"about":[{"href":"https:\/\/www.caririemacao.com\/1\/wp-json\/wp\/v2\/types\/post"}],"author":[{"embeddable":true,"href":"https:\/\/www.caririemacao.com\/1\/wp-json\/wp\/v2\/users\/2"}],"replies":[{"embeddable":true,"href":"https:\/\/www.caririemacao.com\/1\/wp-json\/wp\/v2\/comments?post=170931"}],"version-history":[{"count":1,"href":"https:\/\/www.caririemacao.com\/1\/wp-json\/wp\/v2\/posts\/170931\/revisions"}],"predecessor-version":[{"id":170933,"href":"https:\/\/www.caririemacao.com\/1\/wp-json\/wp\/v2\/posts\/170931\/revisions\/170933"}],"wp:featuredmedia":[{"embeddable":true,"href":"https:\/\/www.caririemacao.com\/1\/wp-json\/wp\/v2\/media\/170932"}],"wp:attachment":[{"href":"https:\/\/www.caririemacao.com\/1\/wp-json\/wp\/v2\/media?parent=170931"}],"wp:term":[{"taxonomy":"category","embeddable":true,"href":"https:\/\/www.caririemacao.com\/1\/wp-json\/wp\/v2\/categories?post=170931"},{"taxonomy":"post_tag","embeddable":true,"href":"https:\/\/www.caririemacao.com\/1\/wp-json\/wp\/v2\/tags?post=170931"}],"curies":[{"name":"wp","href":"https:\/\/api.w.org\/{rel}","templated":true}]}}