{"id":170939,"date":"2020-05-22T10:08:35","date_gmt":"2020-05-22T13:08:35","guid":{"rendered":"https:\/\/www.caririemacao.com\/1\/?p=170939"},"modified":"2020-05-22T10:08:35","modified_gmt":"2020-05-22T13:08:35","slug":"estudantes-dividem-opinioes-sobre-o-adiamento-do-enem-2020","status":"publish","type":"post","link":"https:\/\/www.caririemacao.com\/1\/2020\/05\/22\/estudantes-dividem-opinioes-sobre-o-adiamento-do-enem-2020\/","title":{"rendered":"Estudantes dividem opini\u00f5es sobre o adiamento do Enem 2020"},"content":{"rendered":"\n<p>O Instituto Nacional de Estudos e Pesquisas Educacionais An\u00edsio Teixeira (Inep) e o Minist\u00e9rio da Educa\u00e7\u00e3o (MEC) decidiram adiar o Exame Nacional do Ensino M\u00e9dio (Enem) 2020. A decis\u00e3o veio logo ap\u00f3s press\u00e3o de estudantes, professores e institui\u00e7\u00f5es, e tamb\u00e9m por conta das manifesta\u00e7\u00f5es do Poder Legislativo.<\/p>\n\n\n\n<p>De acordo com as organiza\u00e7\u00f5es respons\u00e1veis pela aplica\u00e7\u00e3o da prova, a medida segue uma demanda imposta pela sociedade, em raz\u00e3o da dificuldade que muitos candidatos est\u00e3o enfrentando para estudar durante esse per\u00edodo de pandemia. As datas ser\u00e3o adiadas de 30 a 60 dias em rela\u00e7\u00e3o ao que estava previsto nos editais.<\/p>\n\n\n\n<p>Para muitos estudantes, o adiamento \u00e9 a escolha mais sensata no momento, mesmo entre aqueles que frequentam escolas particulares, como \u00e9 o caso da estudante do 3\u00ba ano do Ensino M\u00e9dio, Giulia Marques, de 17 anos. \u201cAchei positivo o adiamento do Enem porque muitos estudantes seriam prejudicados. Nas escolas particulares, muitos alunos t\u00eam acesso \u00e0 internet, mas essa n\u00e3o \u00e9 a realidade de muitas pessoas, principalmente dos alunos das escolas p\u00fablicas, que est\u00e3o sem aulas\u201d, avalia.&nbsp;<\/p>\n\n\n\n<p>Giulia estava matriculada em uma escola da rede privada de Salvador, BA, mas com a pandemia e suspens\u00e3o das aulas presenciais, sua m\u00e3e optou por cancelar a matr\u00edcula. Ainda assim, ela manteve a rotina de estudos para garantir o acesso ao ensino superior. \u201cMuitas vezes, o Enem \u00e9 a oportunidade para as pessoas terem acesso \u00e0 faculdade e n\u00e3o seria justo aplicar a prova para os estudantes que est\u00e3o tendo dificuldade para estudar por n\u00e3o terem aulas nem internet em casa\u201d, conclui a estudante que segue se dedicando aos conte\u00fados em casa, por conta pr\u00f3pria.<\/p>\n\n\n\n<p>Na ter\u00e7a-feira (19), no Plen\u00e1rio virtual do Senado, a suspens\u00e3o das provas do Enem j\u00e1 havia sido aprovada por 75 votos a 1. A proposta (PL 1.277\/2020) da senadora Daniella Ribeiro (PP-PB) prev\u00ea que nos casos em que o Congresso Nacional reconhece o estado de calamidade p\u00fablica, o que compromete o processo de ensino de todas as institui\u00e7\u00f5es do pa\u00eds, a aplica\u00e7\u00e3o de exames, provas e qualquer atividade que d\u00e1 acesso ao ensino superior, sejam prorrogadas automaticamente.<\/p>\n\n\n\n<p>Para encontrar uma data que seja mais adequada, o Inep ir\u00e1 promover uma enquete direcionada aos inscritos do Enem 2020, que ser\u00e1 realizada no final de junho, por meio da P\u00e1gina do Participante. A novidade foi divulgada na ter\u00e7a-feira (19), pelo Ministro da Educa\u00e7\u00e3o, Abraham Weintraub.&nbsp;<\/p>\n\n\n\n<p>Na contagem at\u00e9 quarta-feira (20), mais de quatro milh\u00f5es de pessoas j\u00e1 tinham efetuado a inscri\u00e7\u00e3o para o Enem. At\u00e9 ent\u00e3o, os estudantes ter\u00e3o at\u00e9 as 23h59 do dia 22 de maio (amanh\u00e3) para realizar as inscri\u00e7\u00f5es. Entre os inscritos est\u00e1 a auxiliar administrativa Mirella Silva Rosa, 38. A soteropolitana n\u00e3o concorda com o adiamento da prova. Segundo ela, h\u00e1 outras formas de ajudar ambos os lados. \u201cN\u00e3o achei uma boa not\u00edcia, n\u00e3o. Na minha opini\u00e3o, \u00e9 bem desnecess\u00e1rio. As pessoas podem realizar a prova on-line e para as demais que n\u00e3o t\u00eam acesso \u00e0 internet eles poderiam organizar melhor\u201d. Ela acredita que os estudantes devem se esfor\u00e7ar para fazer uma boa prova. \u201cDepende de cada um deles\u201d, afirma Mirela que deseja cursar Administra\u00e7\u00e3o.<\/p>\n\n\n\n<p><strong>Inscri\u00e7\u00f5es do Enem 2020<\/strong><\/p>\n\n\n\n<p>O Partido Socialismo e Liberdade (PSOL) j\u00e1 entrou com uma a\u00e7\u00e3o na Justi\u00e7a Federal de S\u00e3o Paulo solicitando a prorroga\u00e7\u00e3o das inscri\u00e7\u00f5es. No processo, o partido pede que o Judici\u00e1rio suspenda o prazo final para inscri\u00e7\u00e3o at\u00e9 que o estado de calamidade seja revogado ou que, ao menos, a situa\u00e7\u00e3o esteja mais controlada.<\/p>\n\n\n\n<p>Os estudantes que desejam ter mais informa\u00e7\u00f5es sobre o exame, como recursos de acessibilidade, funcionamento do processo de isen\u00e7\u00e3o, inscri\u00e7\u00e3o e datas, devem acessar o portal do Inep e do Minist\u00e9rio da Educa\u00e7\u00e3o, que s\u00e3o os canais de informa\u00e7\u00e3o do Enem 2020, assim como as redes sociais oficiais dos dois \u00f3rg\u00e3os do Governo federal. O Inep tamb\u00e9m possui um canal de autoatendimento on-line e por liga\u00e7\u00e3o no n\u00famero 0800 616161 (somente chamadas de telefone fixo).<\/p>\n\n\n\n<p>*Com informa\u00e7\u00f5es do Inep<\/p>\n","protected":false},"excerpt":{"rendered":"<p>O Instituto Nacional de Estudos e Pesquisas Educacionais An\u00edsio Teixeira (Inep) e o Minist\u00e9rio da Educa\u00e7\u00e3o (MEC) decidiram adiar o Exame Nacional do Ensino M\u00e9dio&hellip; <\/p>\n","protected":false},"author":2,"featured_media":169342,"comment_status":"closed","ping_status":"closed","sticky":false,"template":"","format":"standard","meta":{"sfsi_plus_gutenberg_text_before_share":"","sfsi_plus_gutenberg_show_text_before_share":"","sfsi_plus_gutenberg_icon_type":"","sfsi_plus_gutenberg_icon_alignemt":"","sfsi_plus_gutenburg_max_per_row":"","footnotes":""},"categories":[14],"tags":[],"class_list":["post-170939","post","type-post","status-publish","format-standard","has-post-thumbnail","hentry","category-educacao"],"_links":{"self":[{"href":"https:\/\/www.caririemacao.com\/1\/wp-json\/wp\/v2\/posts\/170939","targetHints":{"allow":["GET"]}}],"collection":[{"href":"https:\/\/www.caririemacao.com\/1\/wp-json\/wp\/v2\/posts"}],"about":[{"href":"https:\/\/www.caririemacao.com\/1\/wp-json\/wp\/v2\/types\/post"}],"author":[{"embeddable":true,"href":"https:\/\/www.caririemacao.com\/1\/wp-json\/wp\/v2\/users\/2"}],"replies":[{"embeddable":true,"href":"https:\/\/www.caririemacao.com\/1\/wp-json\/wp\/v2\/comments?post=170939"}],"version-history":[{"count":1,"href":"https:\/\/www.caririemacao.com\/1\/wp-json\/wp\/v2\/posts\/170939\/revisions"}],"predecessor-version":[{"id":170940,"href":"https:\/\/www.caririemacao.com\/1\/wp-json\/wp\/v2\/posts\/170939\/revisions\/170940"}],"wp:featuredmedia":[{"embeddable":true,"href":"https:\/\/www.caririemacao.com\/1\/wp-json\/wp\/v2\/media\/169342"}],"wp:attachment":[{"href":"https:\/\/www.caririemacao.com\/1\/wp-json\/wp\/v2\/media?parent=170939"}],"wp:term":[{"taxonomy":"category","embeddable":true,"href":"https:\/\/www.caririemacao.com\/1\/wp-json\/wp\/v2\/categories?post=170939"},{"taxonomy":"post_tag","embeddable":true,"href":"https:\/\/www.caririemacao.com\/1\/wp-json\/wp\/v2\/tags?post=170939"}],"curies":[{"name":"wp","href":"https:\/\/api.w.org\/{rel}","templated":true}]}}