{"id":170942,"date":"2020-05-22T10:11:09","date_gmt":"2020-05-22T13:11:09","guid":{"rendered":"https:\/\/www.caririemacao.com\/1\/?p=170942"},"modified":"2020-05-22T10:11:09","modified_gmt":"2020-05-22T13:11:09","slug":"paraiba-e-3o-melhor-estado-do-nordeste-em-transparencia-no-combate-a-covid-19","status":"publish","type":"post","link":"https:\/\/www.caririemacao.com\/1\/2020\/05\/22\/paraiba-e-3o-melhor-estado-do-nordeste-em-transparencia-no-combate-a-covid-19\/","title":{"rendered":"Para\u00edba \u00e9 3\u00ba melhor estado do Nordeste em transpar\u00eancia no combate \u00e0 Covid-19"},"content":{"rendered":"\n<p>A&nbsp;<strong>Para\u00edba<\/strong>&nbsp;obteve a 9\u00aa coloca\u00e7\u00e3o no pa\u00eds e 3\u00aa do Nordeste no ranking de&nbsp;<strong>transpar\u00eancia<\/strong>&nbsp;da ONG Transpar\u00eancia Internacional no combate \u00e0 Covid-19, doen\u00e7a causada pelo novo Coronav\u00edrus. O Estado obteve 65,8 pontos, e tem n\u00edvel considerado bom de transpar\u00eancia, segundo a ONG.<\/p>\n\n\n\n<p>As avalia\u00e7\u00f5es foram coletadas entre 12 e 19 de maio e finalizadas no dia 21 de maio.<\/p>\n\n\n\n<p>A ONG analisou os sites, redes sociais e portais de transpar\u00eancia dos governos dos 26 estados e do Distrito Federal, al\u00e9m das 27 capitais.<\/p>\n\n\n\n<p>Os crit\u00e9rios de avalia\u00e7\u00e3o levaram em conta o guia e Recomenda\u00e7\u00f5es para Transpar\u00eancia de Contrata\u00e7\u00f5es Emergenciais em Resposta \u00e0 Covid-19, manual lan\u00e7ado h\u00e1 duas semanas&nbsp; produzido em conjunto com o Tribunal de Conta da Uni\u00e3o (TCU).<\/p>\n\n\n\n<p>Segundo a Transpar\u00eancia Internacional,&nbsp; os governos avaliados no ranking receberam orienta\u00e7\u00f5es e foram notificados que passariam a ser avaliados com esses crit\u00e9rios.<\/p>\n","protected":false},"excerpt":{"rendered":"<p>A&nbsp;Para\u00edba&nbsp;obteve a 9\u00aa coloca\u00e7\u00e3o no pa\u00eds e 3\u00aa do Nordeste no ranking de&nbsp;transpar\u00eancia&nbsp;da ONG Transpar\u00eancia Internacional no combate \u00e0 Covid-19, doen\u00e7a causada pelo novo Coronav\u00edrus.&hellip; <\/p>\n","protected":false},"author":2,"featured_media":170943,"comment_status":"closed","ping_status":"closed","sticky":false,"template":"","format":"standard","meta":{"sfsi_plus_gutenberg_text_before_share":"","sfsi_plus_gutenberg_show_text_before_share":"","sfsi_plus_gutenberg_icon_type":"","sfsi_plus_gutenberg_icon_alignemt":"","sfsi_plus_gutenburg_max_per_row":"","footnotes":""},"categories":[2],"tags":[],"class_list":["post-170942","post","type-post","status-publish","format-standard","has-post-thumbnail","hentry","category-geral"],"_links":{"self":[{"href":"https:\/\/www.caririemacao.com\/1\/wp-json\/wp\/v2\/posts\/170942","targetHints":{"allow":["GET"]}}],"collection":[{"href":"https:\/\/www.caririemacao.com\/1\/wp-json\/wp\/v2\/posts"}],"about":[{"href":"https:\/\/www.caririemacao.com\/1\/wp-json\/wp\/v2\/types\/post"}],"author":[{"embeddable":true,"href":"https:\/\/www.caririemacao.com\/1\/wp-json\/wp\/v2\/users\/2"}],"replies":[{"embeddable":true,"href":"https:\/\/www.caririemacao.com\/1\/wp-json\/wp\/v2\/comments?post=170942"}],"version-history":[{"count":1,"href":"https:\/\/www.caririemacao.com\/1\/wp-json\/wp\/v2\/posts\/170942\/revisions"}],"predecessor-version":[{"id":170944,"href":"https:\/\/www.caririemacao.com\/1\/wp-json\/wp\/v2\/posts\/170942\/revisions\/170944"}],"wp:featuredmedia":[{"embeddable":true,"href":"https:\/\/www.caririemacao.com\/1\/wp-json\/wp\/v2\/media\/170943"}],"wp:attachment":[{"href":"https:\/\/www.caririemacao.com\/1\/wp-json\/wp\/v2\/media?parent=170942"}],"wp:term":[{"taxonomy":"category","embeddable":true,"href":"https:\/\/www.caririemacao.com\/1\/wp-json\/wp\/v2\/categories?post=170942"},{"taxonomy":"post_tag","embeddable":true,"href":"https:\/\/www.caririemacao.com\/1\/wp-json\/wp\/v2\/tags?post=170942"}],"curies":[{"name":"wp","href":"https:\/\/api.w.org\/{rel}","templated":true}]}}