{"id":170947,"date":"2020-05-22T12:26:37","date_gmt":"2020-05-22T15:26:37","guid":{"rendered":"https:\/\/www.caririemacao.com\/1\/?p=170947"},"modified":"2020-05-22T12:26:37","modified_gmt":"2020-05-22T15:26:37","slug":"sao-jose-dos-cordeiros-ja-conta-com-03-casos-positivos-de-covid-19","status":"publish","type":"post","link":"https:\/\/www.caririemacao.com\/1\/2020\/05\/22\/sao-jose-dos-cordeiros-ja-conta-com-03-casos-positivos-de-covid-19\/","title":{"rendered":"S\u00e3o Jos\u00e9 dos Cordeiros j\u00e1 conta com 03 casos positivos de Covid-19"},"content":{"rendered":"\n<p>Nota atualizada em 21\/05\/2020<\/p>\n\n\n\n<p>Prefeitura de S\u00e3o Jos\u00e9 dos Cordeiros atrav\u00e9s da Secretaria Municipal de Sa\u00fade de S\u00e3o Jos\u00e9 dos Cordeiros informa que temos em nosso boletim mais um caso POSITIVO DE COVID-19. Trata-se de um homem que atualmente reside em Campina Grande, mas seus documentos constam resid\u00eancia em S\u00e3o Jos\u00e9 dos Cordeiros.<\/p>\n\n\n\n<p>Al\u00e9m deste caso, estamos com um paciente com s\u00edndrome gripal, em isolamento domiciliar e sob investiga\u00e7\u00e3o.<\/p>\n\n\n\n<p>Refor\u00e7amos a import\u00e2ncia de seguir as orienta\u00e7\u00f5es do distanciamento social e demais medidas orientadas pela Secretaria Municipal de Sa\u00fade.<\/p>\n","protected":false},"excerpt":{"rendered":"<p>Nota atualizada em 21\/05\/2020 Prefeitura de S\u00e3o Jos\u00e9 dos Cordeiros atrav\u00e9s da Secretaria Municipal de Sa\u00fade de S\u00e3o Jos\u00e9 dos Cordeiros informa que temos em&hellip; <\/p>\n","protected":false},"author":1,"featured_media":170952,"comment_status":"closed","ping_status":"closed","sticky":false,"template":"","format":"standard","meta":{"sfsi_plus_gutenberg_text_before_share":"","sfsi_plus_gutenberg_show_text_before_share":"","sfsi_plus_gutenberg_icon_type":"","sfsi_plus_gutenberg_icon_alignemt":"","sfsi_plus_gutenburg_max_per_row":"","footnotes":""},"categories":[6,16],"tags":[],"class_list":["post-170947","post","type-post","status-publish","format-standard","has-post-thumbnail","hentry","category-cidades","category-saude"],"_links":{"self":[{"href":"https:\/\/www.caririemacao.com\/1\/wp-json\/wp\/v2\/posts\/170947","targetHints":{"allow":["GET"]}}],"collection":[{"href":"https:\/\/www.caririemacao.com\/1\/wp-json\/wp\/v2\/posts"}],"about":[{"href":"https:\/\/www.caririemacao.com\/1\/wp-json\/wp\/v2\/types\/post"}],"author":[{"embeddable":true,"href":"https:\/\/www.caririemacao.com\/1\/wp-json\/wp\/v2\/users\/1"}],"replies":[{"embeddable":true,"href":"https:\/\/www.caririemacao.com\/1\/wp-json\/wp\/v2\/comments?post=170947"}],"version-history":[{"count":1,"href":"https:\/\/www.caririemacao.com\/1\/wp-json\/wp\/v2\/posts\/170947\/revisions"}],"predecessor-version":[{"id":170949,"href":"https:\/\/www.caririemacao.com\/1\/wp-json\/wp\/v2\/posts\/170947\/revisions\/170949"}],"wp:featuredmedia":[{"embeddable":true,"href":"https:\/\/www.caririemacao.com\/1\/wp-json\/wp\/v2\/media\/170952"}],"wp:attachment":[{"href":"https:\/\/www.caririemacao.com\/1\/wp-json\/wp\/v2\/media?parent=170947"}],"wp:term":[{"taxonomy":"category","embeddable":true,"href":"https:\/\/www.caririemacao.com\/1\/wp-json\/wp\/v2\/categories?post=170947"},{"taxonomy":"post_tag","embeddable":true,"href":"https:\/\/www.caririemacao.com\/1\/wp-json\/wp\/v2\/tags?post=170947"}],"curies":[{"name":"wp","href":"https:\/\/api.w.org\/{rel}","templated":true}]}}