{"id":170948,"date":"2020-05-22T12:25:23","date_gmt":"2020-05-22T15:25:23","guid":{"rendered":"https:\/\/www.caririemacao.com\/1\/?p=170948"},"modified":"2020-05-22T12:34:56","modified_gmt":"2020-05-22T15:34:56","slug":"prefeito-de-sao-jose-dos-cordeiros-confirma-concluir-obra-no-anexo-publico-apos-pandemia","status":"publish","type":"post","link":"https:\/\/www.caririemacao.com\/1\/2020\/05\/22\/prefeito-de-sao-jose-dos-cordeiros-confirma-concluir-obra-no-anexo-publico-apos-pandemia\/","title":{"rendered":"Prefeito de S\u00e3o Jos\u00e9 dos Cordeiros confirma concluir obra no anexo do mercado p\u00fablico, logo ap\u00f3s pandemia"},"content":{"rendered":"\n<p>O prefeito de S\u00e3o Jos\u00e9 dos Cordeiros, Jefferson Roberto, publicou em suas redes sociais um v\u00eddeo em que mostra os \u00faltimos servi\u00e7os no anexo do mercado p\u00fablico do munic\u00edpio. No texto ele diz que espera passar a fase da pandemia do novo coronavirus, para concluir mais uma obra para a popula\u00e7\u00e3o cordeirense. <\/p>\n\n\n\n<p>&#8220;\u00daltimos servi\u00e7os no anexo do mercado p\u00fablico e esperamos ap\u00f3s passarmos por essa fase do covid-19 poder concluir mais esse compromisso com a nossa popula\u00e7\u00e3o e concluir o mandato com a nossa cidade mais organizada e se Deus quiser juntamente com nossa equipe de trabalho iremos fazer muito mais at\u00e9 l\u00e1&#8221;, disse o prefeito, Jefferson Roberto. <\/p>\n","protected":false},"excerpt":{"rendered":"<p>O prefeito de S\u00e3o Jos\u00e9 dos Cordeiros, Jefferson Roberto, publicou em suas redes sociais um v\u00eddeo em que mostra os \u00faltimos servi\u00e7os no anexo do&hellip; <\/p>\n","protected":false},"author":1,"featured_media":156286,"comment_status":"closed","ping_status":"closed","sticky":false,"template":"","format":"standard","meta":{"sfsi_plus_gutenberg_text_before_share":"","sfsi_plus_gutenberg_show_text_before_share":"","sfsi_plus_gutenberg_icon_type":"","sfsi_plus_gutenberg_icon_alignemt":"","sfsi_plus_gutenburg_max_per_row":"","footnotes":""},"categories":[6,50],"tags":[],"class_list":["post-170948","post","type-post","status-publish","format-standard","has-post-thumbnail","hentry","category-cidades","category-destaque"],"_links":{"self":[{"href":"https:\/\/www.caririemacao.com\/1\/wp-json\/wp\/v2\/posts\/170948","targetHints":{"allow":["GET"]}}],"collection":[{"href":"https:\/\/www.caririemacao.com\/1\/wp-json\/wp\/v2\/posts"}],"about":[{"href":"https:\/\/www.caririemacao.com\/1\/wp-json\/wp\/v2\/types\/post"}],"author":[{"embeddable":true,"href":"https:\/\/www.caririemacao.com\/1\/wp-json\/wp\/v2\/users\/1"}],"replies":[{"embeddable":true,"href":"https:\/\/www.caririemacao.com\/1\/wp-json\/wp\/v2\/comments?post=170948"}],"version-history":[{"count":2,"href":"https:\/\/www.caririemacao.com\/1\/wp-json\/wp\/v2\/posts\/170948\/revisions"}],"predecessor-version":[{"id":170967,"href":"https:\/\/www.caririemacao.com\/1\/wp-json\/wp\/v2\/posts\/170948\/revisions\/170967"}],"wp:featuredmedia":[{"embeddable":true,"href":"https:\/\/www.caririemacao.com\/1\/wp-json\/wp\/v2\/media\/156286"}],"wp:attachment":[{"href":"https:\/\/www.caririemacao.com\/1\/wp-json\/wp\/v2\/media?parent=170948"}],"wp:term":[{"taxonomy":"category","embeddable":true,"href":"https:\/\/www.caririemacao.com\/1\/wp-json\/wp\/v2\/categories?post=170948"},{"taxonomy":"post_tag","embeddable":true,"href":"https:\/\/www.caririemacao.com\/1\/wp-json\/wp\/v2\/tags?post=170948"}],"curies":[{"name":"wp","href":"https:\/\/api.w.org\/{rel}","templated":true}]}}