{"id":170953,"date":"2020-05-22T12:32:12","date_gmt":"2020-05-22T15:32:12","guid":{"rendered":"https:\/\/www.caririemacao.com\/1\/?p=170953"},"modified":"2020-05-22T12:32:12","modified_gmt":"2020-05-22T15:32:12","slug":"prefeitura-de-sao-jose-dos-cordeiros-em-mais-uma-acao-apoiando-produtores-rurais-do-municipio","status":"publish","type":"post","link":"https:\/\/www.caririemacao.com\/1\/2020\/05\/22\/prefeitura-de-sao-jose-dos-cordeiros-em-mais-uma-acao-apoiando-produtores-rurais-do-municipio\/","title":{"rendered":"Prefeitura de S\u00e3o Jos\u00e9 dos Cordeiros em mais uma a\u00e7\u00e3o apoiando produtores rurais do munic\u00edpio"},"content":{"rendered":"\n<p>A Prefeitura de S\u00e3o Jos\u00e9 dos Cordeiros atrav\u00e9s da Secretaria Municipal de Agricultura,  Cotando com o apoio do Secret\u00e1rio Dayvison Romeryto. Em mais uma a\u00e7\u00e3o no munic\u00edpio, apoiando produtores rurais no armazenamento de silagem, dessa vez no S\u00edtio do Meio. <\/p>\n\n\n\n<p>&#8220;Quero parabenizar o amigo Loyola, seu In\u00e1cio e todos da fam\u00edlia pela iniciativa. Aos poucos iremos atender \u00e0s demandas de nossos produtores&#8221;, disse o prefeito, Jefferson Roberto. <\/p>\n","protected":false},"excerpt":{"rendered":"<p>A Prefeitura de S\u00e3o Jos\u00e9 dos Cordeiros atrav\u00e9s da Secretaria Municipal de Agricultura, Cotando com o apoio do Secret\u00e1rio Dayvison Romeryto. Em mais uma a\u00e7\u00e3o&hellip; <\/p>\n","protected":false},"author":1,"featured_media":170955,"comment_status":"closed","ping_status":"closed","sticky":false,"template":"","format":"standard","meta":{"sfsi_plus_gutenberg_text_before_share":"","sfsi_plus_gutenberg_show_text_before_share":"","sfsi_plus_gutenberg_icon_type":"","sfsi_plus_gutenberg_icon_alignemt":"","sfsi_plus_gutenburg_max_per_row":"","footnotes":""},"categories":[6,50],"tags":[],"class_list":["post-170953","post","type-post","status-publish","format-standard","has-post-thumbnail","hentry","category-cidades","category-destaque"],"_links":{"self":[{"href":"https:\/\/www.caririemacao.com\/1\/wp-json\/wp\/v2\/posts\/170953","targetHints":{"allow":["GET"]}}],"collection":[{"href":"https:\/\/www.caririemacao.com\/1\/wp-json\/wp\/v2\/posts"}],"about":[{"href":"https:\/\/www.caririemacao.com\/1\/wp-json\/wp\/v2\/types\/post"}],"author":[{"embeddable":true,"href":"https:\/\/www.caririemacao.com\/1\/wp-json\/wp\/v2\/users\/1"}],"replies":[{"embeddable":true,"href":"https:\/\/www.caririemacao.com\/1\/wp-json\/wp\/v2\/comments?post=170953"}],"version-history":[{"count":1,"href":"https:\/\/www.caririemacao.com\/1\/wp-json\/wp\/v2\/posts\/170953\/revisions"}],"predecessor-version":[{"id":170964,"href":"https:\/\/www.caririemacao.com\/1\/wp-json\/wp\/v2\/posts\/170953\/revisions\/170964"}],"wp:featuredmedia":[{"embeddable":true,"href":"https:\/\/www.caririemacao.com\/1\/wp-json\/wp\/v2\/media\/170955"}],"wp:attachment":[{"href":"https:\/\/www.caririemacao.com\/1\/wp-json\/wp\/v2\/media?parent=170953"}],"wp:term":[{"taxonomy":"category","embeddable":true,"href":"https:\/\/www.caririemacao.com\/1\/wp-json\/wp\/v2\/categories?post=170953"},{"taxonomy":"post_tag","embeddable":true,"href":"https:\/\/www.caririemacao.com\/1\/wp-json\/wp\/v2\/tags?post=170953"}],"curies":[{"name":"wp","href":"https:\/\/api.w.org\/{rel}","templated":true}]}}