{"id":170954,"date":"2020-05-22T12:28:49","date_gmt":"2020-05-22T15:28:49","guid":{"rendered":"https:\/\/www.caririemacao.com\/1\/?p=170954"},"modified":"2020-05-22T12:28:49","modified_gmt":"2020-05-22T15:28:49","slug":"ministro-do-supremo-repudia-fascistoides-covardes-e-ignorantes","status":"publish","type":"post","link":"https:\/\/www.caririemacao.com\/1\/2020\/05\/22\/ministro-do-supremo-repudia-fascistoides-covardes-e-ignorantes\/","title":{"rendered":"Ministro do Supremo repudia \u201cfascistoides\u201d, \u201ccovardes\u201d e \u201cignorantes\u201d"},"content":{"rendered":"\n<p>O ministro do STF (Supremo Tribunal Federal) Celso de Mello afirmou que pessoas que t\u00eam abarrotado as caixas de mensagens de ju\u00edzes de tribunais de Bras\u00edlia com mensagens an\u00f4nimas e amea\u00e7as de morte s\u00e3o \u201cbolsonaristas fascistoides, al\u00e9m de covardes e ignorantes\u201d.<\/p>\n\n\n\n<p>O magistrado n\u00e3o recebeu textos amea\u00e7adores. Mas, questionado sobre o teor das mensagens enviadas a outros ju\u00edzes, afirmou tamb\u00e9m que seus autores \u201crevelam, com tais amea\u00e7as, a sua face criminosa, pr\u00f3pria de quem abomina a liberdade e ultraja os signos da democracia\u201d.<\/p>\n\n\n\n<p>As mensagens enviadas a ju\u00edzes, reveladas pelo jornal Correio Braziliense, falam em \u201cmatar em leg\u00edtima defesa\u201d, pois ser\u00e1 \u201cdecretado\u201d um estado de s\u00edtio no Brasil sob o \u201ccomando do general Braga Netto\u201d, ministro da Casa Civil do presidente Jair Bolsonaro.<\/p>\n\n\n\n<p>Braga Netto pediu investiga\u00e7\u00e3o sobre os textos enviados aos magistrados.\u201d<\/p>\n\n\n\n<p>O ministro Celso de Mello \u00e9 o relator do inqu\u00e9rito que investiga as declara\u00e7\u00f5es do ex-ministro da Justi\u00e7a Sergio Moro sobre suposta tentativa de Jair Bolsonaro de interferir na Pol\u00edcia Federal.<\/p>\n\n\n\n<p>Nesta sexta-feira (22), ele deve anunciar se levanta ou n\u00e3o o sigilo do v\u00eddeo com a grava\u00e7\u00e3o da reuni\u00e3o ministerial em que Jair Bolsonaro teria amea\u00e7ado demitir Moro.<\/p>\n\n\n\n<p>O v\u00eddeo da reuni\u00e3o, ocorrida no dia 22 de abril, no Pal\u00e1cio do Planalto, \u00e9 considerado um elemento fundamental para a investiga\u00e7\u00e3o.<\/p>\n\n\n\n<p>A defesa de Moro pede que a \u00edntegra do v\u00eddeo seja divulgada e componha o inqu\u00e9rito.<\/p>\n\n\n\n<p>J\u00e1 a AGU (Advocacia-Geral da Uni\u00e3o) e a PGR (Procuradoria-Geral da Rep\u00fablica) defendem apenas a libera\u00e7\u00e3o de alguns trechos da grava\u00e7\u00e3o.<\/p>\n","protected":false},"excerpt":{"rendered":"<p>O ministro do STF (Supremo Tribunal Federal) Celso de Mello afirmou que pessoas que t\u00eam abarrotado as caixas de mensagens de ju\u00edzes de tribunais de&hellip; <\/p>\n","protected":false},"author":2,"featured_media":170956,"comment_status":"closed","ping_status":"closed","sticky":false,"template":"","format":"standard","meta":{"sfsi_plus_gutenberg_text_before_share":"","sfsi_plus_gutenberg_show_text_before_share":"","sfsi_plus_gutenberg_icon_type":"","sfsi_plus_gutenberg_icon_alignemt":"","sfsi_plus_gutenburg_max_per_row":"","footnotes":""},"categories":[11],"tags":[],"class_list":["post-170954","post","type-post","status-publish","format-standard","has-post-thumbnail","hentry","category-politica"],"_links":{"self":[{"href":"https:\/\/www.caririemacao.com\/1\/wp-json\/wp\/v2\/posts\/170954","targetHints":{"allow":["GET"]}}],"collection":[{"href":"https:\/\/www.caririemacao.com\/1\/wp-json\/wp\/v2\/posts"}],"about":[{"href":"https:\/\/www.caririemacao.com\/1\/wp-json\/wp\/v2\/types\/post"}],"author":[{"embeddable":true,"href":"https:\/\/www.caririemacao.com\/1\/wp-json\/wp\/v2\/users\/2"}],"replies":[{"embeddable":true,"href":"https:\/\/www.caririemacao.com\/1\/wp-json\/wp\/v2\/comments?post=170954"}],"version-history":[{"count":1,"href":"https:\/\/www.caririemacao.com\/1\/wp-json\/wp\/v2\/posts\/170954\/revisions"}],"predecessor-version":[{"id":170957,"href":"https:\/\/www.caririemacao.com\/1\/wp-json\/wp\/v2\/posts\/170954\/revisions\/170957"}],"wp:featuredmedia":[{"embeddable":true,"href":"https:\/\/www.caririemacao.com\/1\/wp-json\/wp\/v2\/media\/170956"}],"wp:attachment":[{"href":"https:\/\/www.caririemacao.com\/1\/wp-json\/wp\/v2\/media?parent=170954"}],"wp:term":[{"taxonomy":"category","embeddable":true,"href":"https:\/\/www.caririemacao.com\/1\/wp-json\/wp\/v2\/categories?post=170954"},{"taxonomy":"post_tag","embeddable":true,"href":"https:\/\/www.caririemacao.com\/1\/wp-json\/wp\/v2\/tags?post=170954"}],"curies":[{"name":"wp","href":"https:\/\/api.w.org\/{rel}","templated":true}]}}