{"id":170963,"date":"2020-05-22T12:33:53","date_gmt":"2020-05-22T15:33:53","guid":{"rendered":"https:\/\/www.caririemacao.com\/1\/?p=170963"},"modified":"2020-05-22T12:33:53","modified_gmt":"2020-05-22T15:33:53","slug":"policia-prende-homem-que-diz-ter-sido-contratado-para-matar-ex-governador-ricardo-coutinho","status":"publish","type":"post","link":"https:\/\/www.caririemacao.com\/1\/2020\/05\/22\/policia-prende-homem-que-diz-ter-sido-contratado-para-matar-ex-governador-ricardo-coutinho\/","title":{"rendered":"Pol\u00edcia prende homem que diz ter sido contratado para matar ex-governador Ricardo Coutinho"},"content":{"rendered":"\n<p>Um homem suspeito de extorquir e amea\u00e7ar de morte o ex-governador da Para\u00edba, Ricardo Coutinho, foi preso em Pernambuco.&nbsp;A pris\u00e3o, divulgada nesta sexta-feira (22), ocorreu no dia 16 de maio deste&nbsp; ano, mas foi mantida em sigilo para n\u00e3o prejudicar as investiga\u00e7\u00f5es.<\/p>\n\n\n\n<p>O homem foi preso durante a Opera\u00e7\u00e3o &#8220;Timer&#8217;,&nbsp; deflagrada pela Pol\u00edcia Civil da Para\u00edba (PCPB), em parceria com a Pol\u00edcia Civil de Pernambuco e Minist\u00e9rio da Justi\u00e7a e Seguran\u00e7a P\u00fablica.<\/p>\n\n\n\n<p>O caso come\u00e7ou a ser apurado no dia 11 de maio deste ano, quando o delegado geral da Pol\u00edcia Civil da Para\u00edba, Isa\u00edas Gualberto, tomou conhecimento que Ricardo Coutinho estava sendo extorquido e amea\u00e7ado de morte.<\/p>\n\n\n\n<p>Segundo as investiga\u00e7\u00f5es, o pol\u00edtico recebeu por meio de uma rede social amea\u00e7as dizendo que uma organiza\u00e7\u00e3o criminosa, com atua\u00e7\u00e3o nacional, havia sido contratada por R$ 2 milh\u00f5es para mat\u00e1-lo.&nbsp; &nbsp; &nbsp; &nbsp;&nbsp;<\/p>\n\n\n\n<p>O suposto homic\u00eddio ocorreria no dia 16 de maio deste ano, mas a ordem seria cancelada se a v\u00edtima pagasse R$ 3 milh\u00f5es ao comando&nbsp; da organiza\u00e7\u00e3o.&nbsp;<\/p>\n\n\n\n<p>Em seguida, o suspeito revelava&nbsp; dados pessoais da v\u00edtima, para demonstrar que conhecia a rotina do ex-governador.&nbsp;&nbsp;<\/p>\n\n\n\n<p>O autor das amea\u00e7as chegou ao extremo de enviar a imagem de um temporizador, indicando que o tempo para o pagamento exigido estava acabando .<\/p>\n\n\n\n<figure class=\"wp-block-image\"><img decoding=\"async\" data-src=\"https:\/\/www.clickpb.com.br\/media\/filer_public\/d4\/5d\/d45db3e7-5887-40e9-b215-73814f511911\/whatsapp_image_2020-05-22_at_074201.jpeg\" alt=\"\" src=\"data:image\/svg+xml;base64,PHN2ZyB3aWR0aD0iMSIgaGVpZ2h0PSIxIiB4bWxucz0iaHR0cDovL3d3dy53My5vcmcvMjAwMC9zdmciPjwvc3ZnPg==\" class=\"lazyload\" \/><\/figure>\n\n\n\n<p><\/p>\n\n\n\n<p>O Grupo de Opera\u00e7\u00f5es Especiais da PCPB (GOE) foi acionado para investigar o caso.\u00a0\u00a0Com apoio da Unidade de Intelig\u00eancia da PCPB e Laborat\u00f3rio de Opera\u00e7\u00f5es Cibern\u00e9ticas do Minist\u00e9rio da Justi\u00e7a e Seguran\u00e7a P\u00fablica, a equipe conseguiu identificar e localizar o suspeito na cidade de Santa Cruz de Capibaribe (PE).<\/p>\n\n\n\n<p>Ap\u00f3s ter a pris\u00e3o decretada pela Justi\u00e7a, o homem foi conduzido para o Pres\u00eddio de Santa Cruz de Capibaribe pelo GOE, com o apoio de equipes da 17\u00aa Delegacia Seccional de Pol\u00edcia Civil de Pernambuco.<\/p>\n\n\n\n<p>No celular do suspeito de 22 anos, a Pol\u00edcia ainda encontrou ind\u00edcios de amea\u00e7as praticadas contra&nbsp; o&nbsp; atual governador de S\u00e3o Paulo, Jo\u00e3o D\u00f3ria, e contra o ex-candidato a Presid\u00eancia da Rep\u00fablica, Jo\u00e3o Amo\u00eado.<\/p>\n\n\n\n<p>O aparelho foi apreendido e ser\u00e1 periciado.&nbsp; &nbsp;<\/p>\n","protected":false},"excerpt":{"rendered":"<p>Um homem suspeito de extorquir e amea\u00e7ar de morte o ex-governador da Para\u00edba, Ricardo Coutinho, foi preso em Pernambuco.&nbsp;A pris\u00e3o, divulgada nesta sexta-feira (22), ocorreu&hellip; <\/p>\n","protected":false},"author":2,"featured_media":157902,"comment_status":"closed","ping_status":"closed","sticky":false,"template":"","format":"standard","meta":{"sfsi_plus_gutenberg_text_before_share":"","sfsi_plus_gutenberg_show_text_before_share":"","sfsi_plus_gutenberg_icon_type":"","sfsi_plus_gutenberg_icon_alignemt":"","sfsi_plus_gutenburg_max_per_row":"","footnotes":""},"categories":[12],"tags":[],"class_list":["post-170963","post","type-post","status-publish","format-standard","has-post-thumbnail","hentry","category-policia"],"_links":{"self":[{"href":"https:\/\/www.caririemacao.com\/1\/wp-json\/wp\/v2\/posts\/170963","targetHints":{"allow":["GET"]}}],"collection":[{"href":"https:\/\/www.caririemacao.com\/1\/wp-json\/wp\/v2\/posts"}],"about":[{"href":"https:\/\/www.caririemacao.com\/1\/wp-json\/wp\/v2\/types\/post"}],"author":[{"embeddable":true,"href":"https:\/\/www.caririemacao.com\/1\/wp-json\/wp\/v2\/users\/2"}],"replies":[{"embeddable":true,"href":"https:\/\/www.caririemacao.com\/1\/wp-json\/wp\/v2\/comments?post=170963"}],"version-history":[{"count":1,"href":"https:\/\/www.caririemacao.com\/1\/wp-json\/wp\/v2\/posts\/170963\/revisions"}],"predecessor-version":[{"id":170965,"href":"https:\/\/www.caririemacao.com\/1\/wp-json\/wp\/v2\/posts\/170963\/revisions\/170965"}],"wp:featuredmedia":[{"embeddable":true,"href":"https:\/\/www.caririemacao.com\/1\/wp-json\/wp\/v2\/media\/157902"}],"wp:attachment":[{"href":"https:\/\/www.caririemacao.com\/1\/wp-json\/wp\/v2\/media?parent=170963"}],"wp:term":[{"taxonomy":"category","embeddable":true,"href":"https:\/\/www.caririemacao.com\/1\/wp-json\/wp\/v2\/categories?post=170963"},{"taxonomy":"post_tag","embeddable":true,"href":"https:\/\/www.caririemacao.com\/1\/wp-json\/wp\/v2\/tags?post=170963"}],"curies":[{"name":"wp","href":"https:\/\/api.w.org\/{rel}","templated":true}]}}