{"id":170968,"date":"2020-05-22T12:37:58","date_gmt":"2020-05-22T15:37:58","guid":{"rendered":"https:\/\/www.caririemacao.com\/1\/?p=170968"},"modified":"2020-05-22T12:37:58","modified_gmt":"2020-05-22T15:37:58","slug":"celso-de-mello-envia-a-pgr-pedidos-de-depoimento-e-de-apreensao-do-celular-de-bolsonaro","status":"publish","type":"post","link":"https:\/\/www.caririemacao.com\/1\/2020\/05\/22\/celso-de-mello-envia-a-pgr-pedidos-de-depoimento-e-de-apreensao-do-celular-de-bolsonaro\/","title":{"rendered":"Celso de Mello envia \u00e0 PGR pedidos de depoimento e de apreens\u00e3o do celular de Bolsonaro"},"content":{"rendered":"\n<p>O ministro Celso de Mello, do Supremo Tribunal Federal (STF), enviou para a Procuradoria Geral da Rep\u00fablica (PGR) tr\u00eas not\u00edcias-crimes apresentadas por partidos e parlamentares que pedem novos desdobramentos na investiga\u00e7\u00e3o sobre a suposta interfer\u00eancia do presidente Jair Bolsonaro na Pol\u00edcia Federal.<\/p>\n\n\n\n<p>Entre as medidas solicitadas est\u00e3o o depoimento do presidente, e a busca e apreens\u00e3o do celular dele e de seu filho, Carlos Bolsonaro, para per\u00edcia.<\/p>\n\n\n\n<p>Em despachos enviados nesta quinta-feira (21) \u00e0 PGR, o ministro ressaltou ser dever jur\u00eddico do Estado promover a apura\u00e7\u00e3o da &#8220;autoria e da materialidade dos fatos delituosos narrados por \u2018qualquer pessoa do povo\u2019\u201d.<\/p>\n\n\n\n<p>\u201cA indisponibilidade da pretens\u00e3o investigat\u00f3ria do Estado impede, pois, que os \u00f3rg\u00e3os p\u00fablicos competentes ignorem aquilo que se aponta na \u201cnotitia criminis\u201d, motivo pelo qual se torna imprescind\u00edvel a apura\u00e7\u00e3o dos fatos delatados, quaisquer que possam ser as pessoas alegadamente envolvidas, ainda que se trate de algu\u00e9m investido de autoridade na hierarquia da Rep\u00fablica, independentemente do Poder (Legislativo, Executivo ou Judici\u00e1rio) a que tal agente se ache vinculado\u201d, escreveu o ministro do STF.<\/p>\n\n\n\n<p>Os pedidos chegaram ao STF logo ap\u00f3s o ex-ministro da Justi\u00e7a Sergio Moro deixar o governo afirmando que o presidente tentou interferir na PF e que Bolsonaro buscou informa\u00e7\u00f5es de investiga\u00e7\u00f5es em andamento na Corte.<\/p>\n\n\n\n<p>\u00c9 praxe que ministros do STF enviem esse tipo de a\u00e7\u00e3o para manifesta\u00e7\u00e3o da PGR, que \u00e9 respons\u00e1vel por propor investiga\u00e7\u00e3o do presidente perante o STF. Celso de Mello \u00e9 relator do inqu\u00e9rito proposto pelo procurador-geral da Rep\u00fablica, Augusto Aras, que investiga os fatos narrados por Moro.<\/p>\n\n\n\n<p>Aras j\u00e1 defendeu em outros pedidos feitos no mesmo inqu\u00e9rito por deputados que a compet\u00eancia para esse tipo de linha investiga\u00e7\u00e3o cabe ao MPF.<\/p>\n\n\n\n<p>Celso de Mello enviou os casos para an\u00e1lise da PGR e ressaltou que compete ao PGR analisar os fatos colocados. N\u00e3o h\u00e1 prazo para Aras decidir sobre os pedidos.<\/p>\n","protected":false},"excerpt":{"rendered":"<p>O ministro Celso de Mello, do Supremo Tribunal Federal (STF), enviou para a Procuradoria Geral da Rep\u00fablica (PGR) tr\u00eas not\u00edcias-crimes apresentadas por partidos e parlamentares&hellip; <\/p>\n","protected":false},"author":2,"featured_media":108509,"comment_status":"closed","ping_status":"closed","sticky":false,"template":"","format":"standard","meta":{"sfsi_plus_gutenberg_text_before_share":"","sfsi_plus_gutenberg_show_text_before_share":"","sfsi_plus_gutenberg_icon_type":"","sfsi_plus_gutenberg_icon_alignemt":"","sfsi_plus_gutenburg_max_per_row":"","footnotes":""},"categories":[11],"tags":[],"class_list":["post-170968","post","type-post","status-publish","format-standard","has-post-thumbnail","hentry","category-politica"],"_links":{"self":[{"href":"https:\/\/www.caririemacao.com\/1\/wp-json\/wp\/v2\/posts\/170968","targetHints":{"allow":["GET"]}}],"collection":[{"href":"https:\/\/www.caririemacao.com\/1\/wp-json\/wp\/v2\/posts"}],"about":[{"href":"https:\/\/www.caririemacao.com\/1\/wp-json\/wp\/v2\/types\/post"}],"author":[{"embeddable":true,"href":"https:\/\/www.caririemacao.com\/1\/wp-json\/wp\/v2\/users\/2"}],"replies":[{"embeddable":true,"href":"https:\/\/www.caririemacao.com\/1\/wp-json\/wp\/v2\/comments?post=170968"}],"version-history":[{"count":1,"href":"https:\/\/www.caririemacao.com\/1\/wp-json\/wp\/v2\/posts\/170968\/revisions"}],"predecessor-version":[{"id":170969,"href":"https:\/\/www.caririemacao.com\/1\/wp-json\/wp\/v2\/posts\/170968\/revisions\/170969"}],"wp:featuredmedia":[{"embeddable":true,"href":"https:\/\/www.caririemacao.com\/1\/wp-json\/wp\/v2\/media\/108509"}],"wp:attachment":[{"href":"https:\/\/www.caririemacao.com\/1\/wp-json\/wp\/v2\/media?parent=170968"}],"wp:term":[{"taxonomy":"category","embeddable":true,"href":"https:\/\/www.caririemacao.com\/1\/wp-json\/wp\/v2\/categories?post=170968"},{"taxonomy":"post_tag","embeddable":true,"href":"https:\/\/www.caririemacao.com\/1\/wp-json\/wp\/v2\/tags?post=170968"}],"curies":[{"name":"wp","href":"https:\/\/api.w.org\/{rel}","templated":true}]}}