{"id":170974,"date":"2020-05-22T12:43:19","date_gmt":"2020-05-22T15:43:19","guid":{"rendered":"https:\/\/www.caririemacao.com\/1\/?p=170974"},"modified":"2020-05-22T12:43:19","modified_gmt":"2020-05-22T15:43:19","slug":"terminam-hoje-inscricoes-para-900-vagas-em-cursos-a-distancia-gratuitos-na-area-de-saude-oferecidos-pela-ufpb","status":"publish","type":"post","link":"https:\/\/www.caririemacao.com\/1\/2020\/05\/22\/terminam-hoje-inscricoes-para-900-vagas-em-cursos-a-distancia-gratuitos-na-area-de-saude-oferecidos-pela-ufpb\/","title":{"rendered":"Terminam hoje inscri\u00e7\u00f5es para 900 vagas em cursos \u00e0 dist\u00e2ncia gratuitos na \u00e1rea de sa\u00fade oferecidos pela UFPB"},"content":{"rendered":"\n<p>Terminam nesta sexta-feira (22) as inscri\u00e7\u00f5es para 900 vagas em nove especialidades de cursos \u00e0 dist\u00e2ncia gratuitos oferecidos pela Escola T\u00e9cnica de Sa\u00fade da Universidade Federal da Para\u00edba (UFPB). De acordo com o edital, as inscri\u00e7\u00f5es podem ser feitas por meio do&nbsp;<a href=\"https:\/\/sigaa.ufpb.br\/sigaa\/public\/processo_seletivo\/lista.jsf?aba=pprocesso&amp;nivel=T\">Sistema Integrado de Gest\u00e3o de Atividades Acad\u00eamica (Sigaa)<\/a>&nbsp;da UFPB.<\/p>\n\n\n\n<p>Os interessados devem possuir Ensino Fundamental I ou Ensino Fundamental II e idade m\u00ednima entre 16 e 18 anos, a depender do curso escolhido.<\/p>\n\n\n\n<p>Entre as op\u00e7\u00f5es de capacita\u00e7\u00e3o est\u00e3o: Agente de Combate a Endemias, Cuidador de Idoso, Maqueiro, Agente de Desenvolvimento Socioambiental, Auxiliar de Laborat\u00f3rio de Sa\u00fade, Balconista de Farm\u00e1cia, Higienista em Servi\u00e7os de Sa\u00fade, Auxiliar de Gest\u00e3o de Res\u00edduos S\u00f3lidos e Recepcionista em Servi\u00e7os de Sa\u00fade.<\/p>\n\n\n\n<p>O processo seletivo ser\u00e1 por ordem de inscri\u00e7\u00e3o. Caso existam mais inscritos do que as vagas dispon\u00edveis (100 para cada curso), haver\u00e1 lista de espera. O quadro de excedentes constar\u00e1 de at\u00e9 50% do total de vagas do curso \u2013 o que corresponde a 150 pessoas inscritas.<\/p>\n\n\n\n<p>A lista de inscri\u00e7\u00f5es est\u00e1 prevista para ser divulgada no dia 25 de maio, no site da Escola T\u00e9cnica de Sa\u00fade.<\/p>\n\n\n\n<p>Outras informa\u00e7\u00f5es podem ser obtidas no&nbsp;<a href=\"https:\/\/www.clickpb.com.br\/media\/filer_public\/21\/83\/2183a8bf-f1b6-4f36-8e59-9661b88a87ea\/edital_07_2020_proex_ets_ufpb_novos_caminhos_alunos.pdf\">edital<\/a>&nbsp;do processo seletivo.<\/p>\n","protected":false},"excerpt":{"rendered":"<p>Terminam nesta sexta-feira (22) as inscri\u00e7\u00f5es para 900 vagas em nove especialidades de cursos \u00e0 dist\u00e2ncia gratuitos oferecidos pela Escola T\u00e9cnica de Sa\u00fade da Universidade&hellip; <\/p>\n","protected":false},"author":2,"featured_media":170975,"comment_status":"closed","ping_status":"closed","sticky":false,"template":"","format":"standard","meta":{"sfsi_plus_gutenberg_text_before_share":"","sfsi_plus_gutenberg_show_text_before_share":"","sfsi_plus_gutenberg_icon_type":"","sfsi_plus_gutenberg_icon_alignemt":"","sfsi_plus_gutenburg_max_per_row":"","footnotes":""},"categories":[14],"tags":[],"class_list":["post-170974","post","type-post","status-publish","format-standard","has-post-thumbnail","hentry","category-educacao"],"_links":{"self":[{"href":"https:\/\/www.caririemacao.com\/1\/wp-json\/wp\/v2\/posts\/170974","targetHints":{"allow":["GET"]}}],"collection":[{"href":"https:\/\/www.caririemacao.com\/1\/wp-json\/wp\/v2\/posts"}],"about":[{"href":"https:\/\/www.caririemacao.com\/1\/wp-json\/wp\/v2\/types\/post"}],"author":[{"embeddable":true,"href":"https:\/\/www.caririemacao.com\/1\/wp-json\/wp\/v2\/users\/2"}],"replies":[{"embeddable":true,"href":"https:\/\/www.caririemacao.com\/1\/wp-json\/wp\/v2\/comments?post=170974"}],"version-history":[{"count":1,"href":"https:\/\/www.caririemacao.com\/1\/wp-json\/wp\/v2\/posts\/170974\/revisions"}],"predecessor-version":[{"id":170976,"href":"https:\/\/www.caririemacao.com\/1\/wp-json\/wp\/v2\/posts\/170974\/revisions\/170976"}],"wp:featuredmedia":[{"embeddable":true,"href":"https:\/\/www.caririemacao.com\/1\/wp-json\/wp\/v2\/media\/170975"}],"wp:attachment":[{"href":"https:\/\/www.caririemacao.com\/1\/wp-json\/wp\/v2\/media?parent=170974"}],"wp:term":[{"taxonomy":"category","embeddable":true,"href":"https:\/\/www.caririemacao.com\/1\/wp-json\/wp\/v2\/categories?post=170974"},{"taxonomy":"post_tag","embeddable":true,"href":"https:\/\/www.caririemacao.com\/1\/wp-json\/wp\/v2\/tags?post=170974"}],"curies":[{"name":"wp","href":"https:\/\/api.w.org\/{rel}","templated":true}]}}