{"id":170978,"date":"2020-05-22T13:10:53","date_gmt":"2020-05-22T16:10:53","guid":{"rendered":"https:\/\/www.caririemacao.com\/1\/?p=170978"},"modified":"2020-05-22T13:22:53","modified_gmt":"2020-05-22T16:22:53","slug":"congo-lenilson-e-jucelio-quintans-solicitam-adicional-noturno-para-motoristas-da-saude-e-tecnicos-de-enfermagem","status":"publish","type":"post","link":"https:\/\/www.caririemacao.com\/1\/2020\/05\/22\/congo-lenilson-e-jucelio-quintans-solicitam-adicional-noturno-para-motoristas-da-saude-e-tecnicos-de-enfermagem\/","title":{"rendered":"Congo: Lenilson e Juc\u00e9lio Quintans solicitam adicional noturno para motoristas da sa\u00fade e t\u00e9cnicos de enfermagem"},"content":{"rendered":"\n<p>O presidente da C\u00e2mara de Vereadores do munic\u00edpio de Congo, Lenilson Bezerra, juntamente com o primeiro secret\u00e1rio,  Juc\u00e9lio Quintans, encaminharan um of\u00edcio de n\u00b0 13\/2020 ao Prefeito J\u00fanior Quirino, solicitando que seja implantado um adicional noturno e insalubridade aos motoristas da sa\u00fade e t\u00e9cnicos de enfermagem que prestam relevantes servi\u00e7os \u00e0 popula\u00e7\u00e3o do munic\u00edpio.<\/p>\n\n\n\n<figure class=\"wp-block-image size-large\"><img fetchpriority=\"high\" decoding=\"async\" width=\"512\" height=\"1024\" src=\"https:\/\/www.caririemacao.com\/1\/wp-content\/uploads\/2020\/05\/IMG-20200522-WA0069-512x1024.jpg\" alt=\"\" class=\"wp-image-170979\" srcset=\"https:\/\/www.caririemacao.com\/1\/wp-content\/uploads\/2020\/05\/IMG-20200522-WA0069-512x1024.jpg 512w, https:\/\/www.caririemacao.com\/1\/wp-content\/uploads\/2020\/05\/IMG-20200522-WA0069-150x300.jpg 150w, https:\/\/www.caririemacao.com\/1\/wp-content\/uploads\/2020\/05\/IMG-20200522-WA0069.jpg 520w\" sizes=\"(max-width: 512px) 100vw, 512px\" \/><\/figure>\n\n\n\n<p>Os vereadores relatam que j\u00e1 foram confirmados 10 casos de pessoas contaminadas com Covid-19 no munic\u00edpio e estes profissionais que est\u00e3o na linha de frente ao combate ao COVID necessitam de uma aten\u00e7\u00e3o e incentivo por parte do Poder P\u00fablico.. <\/p>\n\n\n\n<p>Sendo assim, esses profissionais da \u00e1rea da sa\u00fade, vem prestando relevantes servi\u00e7os, na linha de frente do combate a pandemia no munic\u00edpio. <\/p>\n","protected":false},"excerpt":{"rendered":"<p>O presidente da C\u00e2mara de Vereadores do munic\u00edpio de Congo, Lenilson Bezerra, juntamente com o primeiro secret\u00e1rio, Juc\u00e9lio Quintans, encaminharan um of\u00edcio de n\u00b0 13\/2020&hellip; <\/p>\n","protected":false},"author":1,"featured_media":170984,"comment_status":"closed","ping_status":"closed","sticky":false,"template":"","format":"standard","meta":{"sfsi_plus_gutenberg_text_before_share":"","sfsi_plus_gutenberg_show_text_before_share":"","sfsi_plus_gutenberg_icon_type":"","sfsi_plus_gutenberg_icon_alignemt":"","sfsi_plus_gutenburg_max_per_row":"","footnotes":""},"categories":[6,50],"tags":[],"class_list":["post-170978","post","type-post","status-publish","format-standard","has-post-thumbnail","hentry","category-cidades","category-destaque"],"_links":{"self":[{"href":"https:\/\/www.caririemacao.com\/1\/wp-json\/wp\/v2\/posts\/170978","targetHints":{"allow":["GET"]}}],"collection":[{"href":"https:\/\/www.caririemacao.com\/1\/wp-json\/wp\/v2\/posts"}],"about":[{"href":"https:\/\/www.caririemacao.com\/1\/wp-json\/wp\/v2\/types\/post"}],"author":[{"embeddable":true,"href":"https:\/\/www.caririemacao.com\/1\/wp-json\/wp\/v2\/users\/1"}],"replies":[{"embeddable":true,"href":"https:\/\/www.caririemacao.com\/1\/wp-json\/wp\/v2\/comments?post=170978"}],"version-history":[{"count":4,"href":"https:\/\/www.caririemacao.com\/1\/wp-json\/wp\/v2\/posts\/170978\/revisions"}],"predecessor-version":[{"id":170986,"href":"https:\/\/www.caririemacao.com\/1\/wp-json\/wp\/v2\/posts\/170978\/revisions\/170986"}],"wp:featuredmedia":[{"embeddable":true,"href":"https:\/\/www.caririemacao.com\/1\/wp-json\/wp\/v2\/media\/170984"}],"wp:attachment":[{"href":"https:\/\/www.caririemacao.com\/1\/wp-json\/wp\/v2\/media?parent=170978"}],"wp:term":[{"taxonomy":"category","embeddable":true,"href":"https:\/\/www.caririemacao.com\/1\/wp-json\/wp\/v2\/categories?post=170978"},{"taxonomy":"post_tag","embeddable":true,"href":"https:\/\/www.caririemacao.com\/1\/wp-json\/wp\/v2\/tags?post=170978"}],"curies":[{"name":"wp","href":"https:\/\/api.w.org\/{rel}","templated":true}]}}