{"id":170987,"date":"2020-05-22T13:43:55","date_gmt":"2020-05-22T16:43:55","guid":{"rendered":"https:\/\/www.caririemacao.com\/1\/?p=170987"},"modified":"2020-05-22T13:43:55","modified_gmt":"2020-05-22T16:43:55","slug":"prefeitura-e-estado-realizam-testes-rapidos-para-covid-19-no-abrigo-de-idosos-de-sume","status":"publish","type":"post","link":"https:\/\/www.caririemacao.com\/1\/2020\/05\/22\/prefeitura-e-estado-realizam-testes-rapidos-para-covid-19-no-abrigo-de-idosos-de-sume\/","title":{"rendered":"Prefeitura e Estado realizam testes r\u00e1pidos para Covid-19 no Abrigo de Idosos de Sum\u00e9"},"content":{"rendered":"\n<p>A Secretaria de Sa\u00fade de Sum\u00e9, numa parceria com o Governo do Estado da Para\u00edba, realizou testes r\u00e1pidos para Covid-19 nesta sexta-feira (22), no Abrigo de Idosos Ros\u00e1lia Paulino.<\/p>\n\n\n\n<p>Foram testados 21 idosos e 13 funcion\u00e1rios. Todas as pessoas testaram negativo para coronav\u00edrus. Em geral esse tipo de teste usa uma pequena amostra de sangue para verificar a presen\u00e7a de anticorpos para a doen\u00e7a. O resultado sai entre 10 e 30 minutos.<\/p>\n\n\n\n<p>A medida faz parte de mais uma a\u00e7\u00e3o de preven\u00e7\u00e3o da Secretaria de Sa\u00fade de Sum\u00e9 contra a Covid-19 e os testes foram disponibilizados pelo Governo do Estado para que o munic\u00edpio pudesse aplicar no abrigo de idosos.<\/p>\n\n\n\n<p>Em mais uma a\u00e7\u00e3o do prefeito \u00c9den Duarte junto ao governador Jo\u00e3o Azevedo, o Abrigo de Idosos recebeu nesta sexta-feira (22), R$ 35 mil para serem aplicados com medicamentos, alimentos, EPIs, material de limpeza e higiene pessoal na institui\u00e7\u00e3o.<\/p>\n\n\n\n<p>A Prefeitura de Sum\u00e9 disponibiliza um grande apoio ao Abrigo Ros\u00e1lia Paulino aplicando pol\u00edticas socioassistenciais e firmando conv\u00eanios com outras institui\u00e7\u00f5es para que a Associa\u00e7\u00e3o possa estar sempre assistida.<\/p>\n\n\n\n<p>Este ano, por meio de um convenio entre a Prefeitura e o Governo do Estado, o abrigo recebeu reforma em sua estrutura f\u00edsica e foi inaugurado uma sala de fisioterapia.<\/p>\n\n\n\n<p>Ascom PMS<\/p>\n","protected":false},"excerpt":{"rendered":"<p>A Secretaria de Sa\u00fade de Sum\u00e9, numa parceria com o Governo do Estado da Para\u00edba, realizou testes r\u00e1pidos para Covid-19 nesta sexta-feira (22), no Abrigo&hellip; <\/p>\n","protected":false},"author":2,"featured_media":170988,"comment_status":"closed","ping_status":"closed","sticky":false,"template":"","format":"standard","meta":{"sfsi_plus_gutenberg_text_before_share":"","sfsi_plus_gutenberg_show_text_before_share":"","sfsi_plus_gutenberg_icon_type":"","sfsi_plus_gutenberg_icon_alignemt":"","sfsi_plus_gutenburg_max_per_row":"","footnotes":""},"categories":[6],"tags":[],"class_list":["post-170987","post","type-post","status-publish","format-standard","has-post-thumbnail","hentry","category-cidades"],"_links":{"self":[{"href":"https:\/\/www.caririemacao.com\/1\/wp-json\/wp\/v2\/posts\/170987","targetHints":{"allow":["GET"]}}],"collection":[{"href":"https:\/\/www.caririemacao.com\/1\/wp-json\/wp\/v2\/posts"}],"about":[{"href":"https:\/\/www.caririemacao.com\/1\/wp-json\/wp\/v2\/types\/post"}],"author":[{"embeddable":true,"href":"https:\/\/www.caririemacao.com\/1\/wp-json\/wp\/v2\/users\/2"}],"replies":[{"embeddable":true,"href":"https:\/\/www.caririemacao.com\/1\/wp-json\/wp\/v2\/comments?post=170987"}],"version-history":[{"count":1,"href":"https:\/\/www.caririemacao.com\/1\/wp-json\/wp\/v2\/posts\/170987\/revisions"}],"predecessor-version":[{"id":170989,"href":"https:\/\/www.caririemacao.com\/1\/wp-json\/wp\/v2\/posts\/170987\/revisions\/170989"}],"wp:featuredmedia":[{"embeddable":true,"href":"https:\/\/www.caririemacao.com\/1\/wp-json\/wp\/v2\/media\/170988"}],"wp:attachment":[{"href":"https:\/\/www.caririemacao.com\/1\/wp-json\/wp\/v2\/media?parent=170987"}],"wp:term":[{"taxonomy":"category","embeddable":true,"href":"https:\/\/www.caririemacao.com\/1\/wp-json\/wp\/v2\/categories?post=170987"},{"taxonomy":"post_tag","embeddable":true,"href":"https:\/\/www.caririemacao.com\/1\/wp-json\/wp\/v2\/tags?post=170987"}],"curies":[{"name":"wp","href":"https:\/\/api.w.org\/{rel}","templated":true}]}}