{"id":170991,"date":"2020-05-22T13:48:00","date_gmt":"2020-05-22T16:48:00","guid":{"rendered":"https:\/\/www.caririemacao.com\/1\/?p=170991"},"modified":"2020-05-22T13:48:00","modified_gmt":"2020-05-22T16:48:00","slug":"militares-ja-ocupam-21-cargos-na-saude-em-postos-de-direcao-e-ate-em-areas-especializadas","status":"publish","type":"post","link":"https:\/\/www.caririemacao.com\/1\/2020\/05\/22\/militares-ja-ocupam-21-cargos-na-saude-em-postos-de-direcao-e-ate-em-areas-especializadas\/","title":{"rendered":"Militares j\u00e1 ocupam 21 cargos na Sa\u00fade, em postos de dire\u00e7\u00e3o e at\u00e9 em \u00e1reas especializadas"},"content":{"rendered":"\n<p>Em meio \u00e0 crise pelo novo coronav\u00edrus e sob comando interino de um general, o Minist\u00e9rio da Sa\u00fade tem ampliado o n\u00famero de militares em postos-chave.<\/p>\n\n\n\n<p>O processo j\u00e1 atinge at\u00e9 mesmo cargos&nbsp;estrat\u00e9gicos em \u00e1reas especializadas de assist\u00eancia em sa\u00fade. Ao longo do \u00faltimo m\u00eas, ao menos 21 militares foram nomeados, de acordo com levantamento feito pela reportagem em publica\u00e7\u00f5es do Di\u00e1rio Oficial da Uni\u00e3o.<\/p>\n\n\n\n<p>A maioria \u00e9 ligada ao Ex\u00e9rcito e veio de unidades ligadas a setores de pagamento e pessoal, finan\u00e7as e log\u00edstica. Sem experi\u00eancia pr\u00e9via na \u00e1rea da sa\u00fade, parte expressiva foi colocada em cargos de dire\u00e7\u00e3o e coordena\u00e7\u00e3o na Secretaria-Executiva.<\/p>\n\n\n\n<p>Outra parte est\u00e1 em pastas mais t\u00e9cnicas, que costumavam ser ocupadas por pessoas altamente especializadas.<\/p>\n\n\n\n<p>O processo de militariza\u00e7\u00e3o na sa\u00fade come\u00e7ou com a entrada do general Eduardo Pazuello como n\u00famero 2 da pasta, ainda na gest\u00e3o do ex-ministro Nelson Teich. Coordenador da Opera\u00e7\u00e3o Acolhida, voltada a apoio a imigrantes venezuelanos, Pazuello teve apoio de outros ministros generais para ocupar o cargo.<\/p>\n\n\n\n<p>Com a sa\u00edda de Teich, Pazuello ficou como interino \u00e0 frente da pasta. Desde ent\u00e3o, as nomea\u00e7\u00f5es foram intensificadas. S\u00f3 nesta semana, 13 foram publicadas.<\/p>\n\n\n\n<p>A maioria \u00e9 concentrada em cargos de dire\u00e7\u00e3o e coordena\u00e7\u00e3o na Secretaria-Executiva, \u00e1rea que responde pela aprova\u00e7\u00e3o de editais, processos de log\u00edstica, auditorias e administra\u00e7\u00e3o de recursos do SUS.<\/p>\n\n\n\n<p>Recentemente, por\u00e9m, houve nomea\u00e7\u00f5es tamb\u00e9m para cargos de dire\u00e7\u00e3o em duas pastas estrat\u00e9gicas, caso das Secretarias de Aten\u00e7\u00e3o Prim\u00e1ria e de Aten\u00e7\u00e3o Especializada, que respondem por a\u00e7\u00f5es voltadas a unidades b\u00e1sicas de sa\u00fade e hospitais.<\/p>\n\n\n\n<p>\u00c9 o caso da m\u00e9dica e primeira-tenente Laura Tiriba Appi, que foi nomeada inicialmente como assessora do ministro e, em seguida, como diretora de programa na Secretaria de Aten\u00e7\u00e3o Prim\u00e1ria. Na pr\u00e1tica, ela tem atuado junto ao ministro e \u00e9 uma das poucas que veio da \u00e1rea da sa\u00fade. Procurada pela reportagem, ela n\u00e3o quis comentar.<\/p>\n\n\n\n<p>Marcelo Sampaio Pereira, que tamb\u00e9m \u00e9 ligado ao Ex\u00e9rcito, entrou como diretor de programa na Secretaria de Aten\u00e7\u00e3o Especializada.<\/p>\n\n\n\n<p>Servidores de carreira do minist\u00e9rio, no entanto, apontam que j\u00e1 h\u00e1 mais militares em atua\u00e7\u00e3o. Dentro da pasta, o grupo costuma dizer que veio para uma miss\u00e3o e est\u00e1 em for\u00e7a-tarefa. A lista de nomea\u00e7\u00f5es deve aumentar nos pr\u00f3ximos dias.<\/p>\n\n\n\n<p>No dia 4 de maio, o Comando do Ex\u00e9rcito publicou uma portaria no Di\u00e1rio Oficial da Uni\u00e3o na qual &#8220;passou \u00e0 disposi\u00e7\u00e3o&#8221; 17 militares para o Minist\u00e9rio da Sa\u00fade. Desse total, 11 j\u00e1 foram nomeados, o que indica que o n\u00famero ainda deve crescer.<\/p>\n\n\n\n<p>Al\u00e9m do ministro interino, militares tamb\u00e9m j\u00e1 respondem por duas das sete secretarias da pasta. Ex-secret\u00e1rio de Sa\u00fade de Roraima, cargo que ocupou entre abril e junho de 2019, o coronel Ant\u00f4nio \u00c9lcio Franco \u00e9 hoje substituto de Pazuello na Secretaria-Executiva.<\/p>\n\n\n\n<p>J\u00e1 o coronel Robson Santos da Silva, que entrou ainda na gest\u00e3o do ex-ministro Luiz Henrique Mandetta, permanece \u00e0 frente Secretaria de Sa\u00fade Ind\u00edgena. Antes de assumir a pasta, ele atuou como assessor no Minist\u00e9rio da Educa\u00e7\u00e3o e na equipe de transi\u00e7\u00e3o. Ex-membros da equipe de Mandetta afirmam que ele era um dos poucos nomes do Ex\u00e9rcito na \u00faltima gest\u00e3o.<\/p>\n\n\n\n<p>A entrada de militares tem preocupado servidores, que dizem que o cen\u00e1rio lembra uma interven\u00e7\u00e3o e chamam a aten\u00e7\u00e3o para a falta de conhecimento t\u00e9cnico em sa\u00fade. Eles dizem ainda que, nos \u00faltimos anos, nunca houve tantos militares em cargos na pasta. Alguns substituem pessoas que estavam h\u00e1 anos no minist\u00e9rio, mas em cargos comissionados.<\/p>\n\n\n\n<p>Mesma avalia\u00e7\u00e3o foi dada por Mandetta em entrevista ao jornal Folha de S.Paulo. &#8220;Vi a entrada de um n\u00famero grande de militares. Eles t\u00eam conhecimento de log\u00edstica, de opera\u00e7\u00f5es. Mas n\u00e3o trabalham com o SUS&#8221;, afirmou.<\/p>\n\n\n\n<p>O grupo rec\u00e9m-nomeado atuava em diferentes partes do pa\u00eds, como Rio de Janeiro, Fortaleza, Boa Vista, Taubat\u00e9 (SP) e Manaus, al\u00e9m de uma parte que servia em Bras\u00edlia.<\/p>\n\n\n\n<p>Dos 21 nomeados, apenas 2 estavam atuando diretamente antes em uma \u00e1rea pr\u00f3xima da sa\u00fade, caso de Appi e do capit\u00e3o Mario Luiz Ricette Costa, da Diretoria de Sa\u00fade do Ex\u00e9rcito, em Bras\u00edlia, e que assumiu como assessor t\u00e9cnico na Subsecretaria de Planejamento e Or\u00e7amento. Em comum, alguns atuaram com Pazuello na interven\u00e7\u00e3o federal em Roraima ocorrida no \u00faltimo ano.<\/p>\n\n\n\n<p>Questionado pela reportagem, o Ex\u00e9rcito n\u00e3o informou se os nomes presentes na portaria foram solicitados nominalmente pelo Minist\u00e9rio da Sa\u00fade ou se foram indica\u00e7\u00f5es pr\u00f3prias. Procurado, o Minist\u00e9rio da Sa\u00fade tamb\u00e9m n\u00e3o respondeu.<br>Em reuni\u00e3o com secret\u00e1rios estaduais e municipais de Sa\u00fade nesta quinta-feira (21), Pazuello, por\u00e9m, agradeceu o Minist\u00e9rio da Defesa por ter cedido profissionais e disse que a atua\u00e7\u00e3o \u00e9 tempor\u00e1ria.<\/p>\n\n\n\n<p>&#8220;Em princ\u00edpio ser\u00e3o s\u00f3 90 dias. S\u00e3o pessoas preparadas para lidar com esse tipo de crise, e precisamos desse tipo de preparo&#8221;, disse. &#8220;\u00c9 tempor\u00e1rio e vou ter de substitu\u00ed-los ao longo dos 90 dias. Vamos substituindo e colocando no momento de maior normalidade.&#8221;<\/p>\n","protected":false},"excerpt":{"rendered":"<p>Em meio \u00e0 crise pelo novo coronav\u00edrus e sob comando interino de um general, o Minist\u00e9rio da Sa\u00fade tem ampliado o n\u00famero de militares em&hellip; <\/p>\n","protected":false},"author":2,"featured_media":170992,"comment_status":"closed","ping_status":"closed","sticky":false,"template":"","format":"standard","meta":{"sfsi_plus_gutenberg_text_before_share":"","sfsi_plus_gutenberg_show_text_before_share":"","sfsi_plus_gutenberg_icon_type":"","sfsi_plus_gutenberg_icon_alignemt":"","sfsi_plus_gutenburg_max_per_row":"","footnotes":""},"categories":[11],"tags":[],"class_list":["post-170991","post","type-post","status-publish","format-standard","has-post-thumbnail","hentry","category-politica"],"_links":{"self":[{"href":"https:\/\/www.caririemacao.com\/1\/wp-json\/wp\/v2\/posts\/170991","targetHints":{"allow":["GET"]}}],"collection":[{"href":"https:\/\/www.caririemacao.com\/1\/wp-json\/wp\/v2\/posts"}],"about":[{"href":"https:\/\/www.caririemacao.com\/1\/wp-json\/wp\/v2\/types\/post"}],"author":[{"embeddable":true,"href":"https:\/\/www.caririemacao.com\/1\/wp-json\/wp\/v2\/users\/2"}],"replies":[{"embeddable":true,"href":"https:\/\/www.caririemacao.com\/1\/wp-json\/wp\/v2\/comments?post=170991"}],"version-history":[{"count":1,"href":"https:\/\/www.caririemacao.com\/1\/wp-json\/wp\/v2\/posts\/170991\/revisions"}],"predecessor-version":[{"id":170993,"href":"https:\/\/www.caririemacao.com\/1\/wp-json\/wp\/v2\/posts\/170991\/revisions\/170993"}],"wp:featuredmedia":[{"embeddable":true,"href":"https:\/\/www.caririemacao.com\/1\/wp-json\/wp\/v2\/media\/170992"}],"wp:attachment":[{"href":"https:\/\/www.caririemacao.com\/1\/wp-json\/wp\/v2\/media?parent=170991"}],"wp:term":[{"taxonomy":"category","embeddable":true,"href":"https:\/\/www.caririemacao.com\/1\/wp-json\/wp\/v2\/categories?post=170991"},{"taxonomy":"post_tag","embeddable":true,"href":"https:\/\/www.caririemacao.com\/1\/wp-json\/wp\/v2\/tags?post=170991"}],"curies":[{"name":"wp","href":"https:\/\/api.w.org\/{rel}","templated":true}]}}