{"id":170999,"date":"2020-05-22T13:51:56","date_gmt":"2020-05-22T16:51:56","guid":{"rendered":"https:\/\/www.caririemacao.com\/1\/?p=170999"},"modified":"2020-05-22T13:51:56","modified_gmt":"2020-05-22T16:51:56","slug":"avai-anuncia-contratacao-de-idolo-do-corinthians","status":"publish","type":"post","link":"https:\/\/www.caririemacao.com\/1\/2020\/05\/22\/avai-anuncia-contratacao-de-idolo-do-corinthians\/","title":{"rendered":"Ava\u00ed anuncia contrata\u00e7\u00e3o de \u00eddolo do Corinthians"},"content":{"rendered":"\n<p>O Ava\u00ed anunciou nesta quinta-feira (21) por meio de suas redes sociais a contrata\u00e7\u00e3o do volante Ralf, \u00eddolo do Corinthians, dispensado do clube paulista no in\u00edcio do ano, dizendo que foi tratado como \u201cqualquer um\u201d pela diretoria alvinegra.<\/p>\n\n\n\n<p>Ralf chega ao Ava\u00ed com a miss\u00e3o de trazer o clube catarinense novamente para a elite do futebol nacional. O Ava\u00ed ficou em \u00faltimo lugar no Campeonato Brasileiro de 2019, com uma campanha de apenas 20 pontos, acumulando 3 vit\u00f3rias, 11 empates e 24 derrotas.<\/p>\n\n\n\n<p>O jogador de 35 anos foi campe\u00e3o do Campeonato Mundial de Clubes, da Copa Libertadores da Am\u00e9rica, duas vezes do Campeonato Brasileiro, da Recopa Sulamericana e tr\u00eas vezes do Campeonato Paulista. Tamb\u00e9m teve passagem pelo futebol chin\u00eas, onde jogou no Beijing Guong.<\/p>\n","protected":false},"excerpt":{"rendered":"<p>O Ava\u00ed anunciou nesta quinta-feira (21) por meio de suas redes sociais a contrata\u00e7\u00e3o do volante Ralf, \u00eddolo do Corinthians, dispensado do clube paulista no&hellip; <\/p>\n","protected":false},"author":2,"featured_media":171000,"comment_status":"closed","ping_status":"closed","sticky":false,"template":"","format":"standard","meta":{"sfsi_plus_gutenberg_text_before_share":"","sfsi_plus_gutenberg_show_text_before_share":"","sfsi_plus_gutenberg_icon_type":"","sfsi_plus_gutenberg_icon_alignemt":"","sfsi_plus_gutenburg_max_per_row":"","footnotes":""},"categories":[13],"tags":[],"class_list":["post-170999","post","type-post","status-publish","format-standard","has-post-thumbnail","hentry","category-esportes"],"_links":{"self":[{"href":"https:\/\/www.caririemacao.com\/1\/wp-json\/wp\/v2\/posts\/170999","targetHints":{"allow":["GET"]}}],"collection":[{"href":"https:\/\/www.caririemacao.com\/1\/wp-json\/wp\/v2\/posts"}],"about":[{"href":"https:\/\/www.caririemacao.com\/1\/wp-json\/wp\/v2\/types\/post"}],"author":[{"embeddable":true,"href":"https:\/\/www.caririemacao.com\/1\/wp-json\/wp\/v2\/users\/2"}],"replies":[{"embeddable":true,"href":"https:\/\/www.caririemacao.com\/1\/wp-json\/wp\/v2\/comments?post=170999"}],"version-history":[{"count":1,"href":"https:\/\/www.caririemacao.com\/1\/wp-json\/wp\/v2\/posts\/170999\/revisions"}],"predecessor-version":[{"id":171001,"href":"https:\/\/www.caririemacao.com\/1\/wp-json\/wp\/v2\/posts\/170999\/revisions\/171001"}],"wp:featuredmedia":[{"embeddable":true,"href":"https:\/\/www.caririemacao.com\/1\/wp-json\/wp\/v2\/media\/171000"}],"wp:attachment":[{"href":"https:\/\/www.caririemacao.com\/1\/wp-json\/wp\/v2\/media?parent=170999"}],"wp:term":[{"taxonomy":"category","embeddable":true,"href":"https:\/\/www.caririemacao.com\/1\/wp-json\/wp\/v2\/categories?post=170999"},{"taxonomy":"post_tag","embeddable":true,"href":"https:\/\/www.caririemacao.com\/1\/wp-json\/wp\/v2\/tags?post=170999"}],"curies":[{"name":"wp","href":"https:\/\/api.w.org\/{rel}","templated":true}]}}