{"id":171003,"date":"2020-05-22T13:55:12","date_gmt":"2020-05-22T16:55:12","guid":{"rendered":"https:\/\/www.caririemacao.com\/1\/?p=171003"},"modified":"2020-05-22T13:55:12","modified_gmt":"2020-05-22T16:55:12","slug":"sem-cargo-moro-recua-em-ranking-digital-bolsonaro-retoma-topo-e-huck-avanca-ao-falar-de-pandemia","status":"publish","type":"post","link":"https:\/\/www.caririemacao.com\/1\/2020\/05\/22\/sem-cargo-moro-recua-em-ranking-digital-bolsonaro-retoma-topo-e-huck-avanca-ao-falar-de-pandemia\/","title":{"rendered":"Sem cargo, Moro recua em ranking digital, Bolsonaro retoma topo, e Huck avan\u00e7a ao falar de pandemia"},"content":{"rendered":"\n<p>Durou pouco a ascens\u00e3o da popularidade digital de Sergio Moro puxada por sua sa\u00edda do governo Jair Bolsonaro. O ex-ministro da Justi\u00e7a, que chegou a ultrapassar o presidente no quesito, derreteu rapidamente e abriu caminho para o antigo chefe retomar a dianteira.<\/p>\n\n\n\n<p>Aferido pela consultoria de dados Quaest, o vaiv\u00e9m nas redes sociais mostra que o ex-juiz perdeu mais de 50% da influ\u00eancia alcan\u00e7ada em meio \u00e0 demiss\u00e3o e \u00e0s acusa\u00e7\u00f5es contra Bolsonaro (sem partido), que continua como l\u00edder isolado desde o in\u00edcio do levantamento, em janeiro de 2019.<\/p>\n\n\n\n<p>O chamado IPD (\u00cdndice de Popularidade Digital), com pontua\u00e7\u00e3o que varia de 0 a 100, \u00e9 medido pela empresa a partir de dados de Twitter, Facebook e Instagram, al\u00e9m de YouTube, Google e Wikip\u00e9dia. Com as informa\u00e7\u00f5es, a Quaest gera uma classifica\u00e7\u00e3o di\u00e1ria.<\/p>\n\n\n\n<p>Como mostrou o jornal Folha de S.Paulo, Moro interrompeu uma tend\u00eancia de baixa e disparou no ranking ao deixar o cargo, no dia 24 de abril. Bolsonaro, ao mesmo tempo, despencou.<\/p>\n\n\n\n<p>No dia 28, ainda sob o impacto de sua afirma\u00e7\u00e3o de que o presidente tentou interferir na Pol\u00edcia Federal, o ex-ministro atingiu a nota 62,8, \u00e0 frente dos 61,5 pontos do presidente.<\/p>\n\n\n\n<p>O cen\u00e1rio foi considerado significativo porque demonstrou um in\u00e9dito enfraquecimento de Bolsonaro, que perdeu seguidores na \u00e9poca e se viu mais pr\u00f3ximo de outros nomes do universo pol\u00edtico cujo desempenho \u00e9 analisado pelo IPD, como o ex-presidente Lula (PT) e o apresentador Luciano Huck (sem partido).<\/p>\n\n\n\n<p>Da\u00ed em diante, contudo, a trajet\u00f3ria se inverteu: Moro come\u00e7ou a perder relev\u00e2ncia e Bolsonaro reconquistou espa\u00e7o, abrindo larga vantagem. O cen\u00e1rio se manteve at\u00e9 a \u00faltima ter\u00e7a-feira (19), segundo os dados mais recentes do IPD -nesse dia, o ex-juiz teve pontua\u00e7\u00e3o 26,8, e o presidente, 66,2.<\/p>\n\n\n\n<p>O ex-magistrado \u00e9 cobi\u00e7ado por pelo menos quatro partidos pol\u00edticos e poder\u00e1 concorrer ao Planalto em 2022, mas n\u00e3o indicou ainda se entrar\u00e1 na disputa. Seu descolamento de Bolsonaro provocou um racha na base de apoiadores que eles tinham em comum.<\/p>\n\n\n\n<p>O pico em abril chamou a aten\u00e7\u00e3o por dois fatores: o ex-juiz de Lava Jato tinha at\u00e9 ent\u00e3o uma presen\u00e7a discreta em seus perfis no Twitter e no Instagram, que s\u00e3o mantidos sem gest\u00e3o profissional, conforme a Quaest. Al\u00e9m disso, ele n\u00e3o possui conta em plataformas como YouTube e Facebook.<\/p>\n\n\n\n<p>O IPD \u00e9 calculado com base em seis aspectos, entre eles: mobiliza\u00e7\u00e3o (total de compartilhamentos de conte\u00fados), interesse (buscas por informa\u00e7\u00e3o no Google e na Wikip\u00e9dia), presen\u00e7a digital (n\u00famero de redes sociais ativas) e fama (p\u00fablico total nas redes).<\/p>\n\n\n\n<p>As outras duas dimens\u00f5es avaliadas s\u00e3o: engajamento (volume de rea\u00e7\u00f5es e coment\u00e1rios ponderado pelo n\u00famero de postagens) e val\u00eancia (propor\u00e7\u00e3o de rea\u00e7\u00f5es positivas e negativas). O indicador compara o desempenho do que \u00e9 produzido pelos pol\u00edticos e as respostas ao conte\u00fado.<\/p>\n\n\n\n<p>Segundo os organizadores do ranking, Moro registrou decl\u00ednio, principalmente, no t\u00f3pico interesse. &#8220;Houve uma frustra\u00e7\u00e3o dos seguidores quanto aos fatos e provas que eles esperavam que Moro trouxesse \u00e0 tona, corroborando sua fala anterior contra Bolsonaro&#8221;, diz Felipe Nunes, CEO da Quaest.<\/p>\n\n\n\n<p>O analista, que tamb\u00e9m \u00e9 professor de ci\u00eancia pol\u00edtica da UFMG (Universidade Federal de Minas Gerais), afirma que os posts do ex-ministro at\u00e9 trazem posicionamentos, &#8220;mas n\u00e3o entregam nada de novo, a\u00ed ele passa como se fosse irrelevante e tende a perder expressividade ao longo do tempo&#8221;.<\/p>\n\n\n\n<p>E completa: &#8220;Moro saiu dos holofotes e ter\u00e1 dificuldade de se manter em evid\u00eancia sem cargo, sem uma fun\u00e7\u00e3o p\u00fablica&#8221;.<\/p>\n\n\n\n<p>Bolsonaro, por outro lado, mant\u00e9m um alcance incompar\u00e1vel com sua estrat\u00e9gia de polemizar e difundir fatos novos praticamente todos os dias, na vis\u00e3o de Nunes. &#8220;Esse protagonismo n\u00e3o \u00e9 fruto apenas do fato de ele ser o principal ator pol\u00edtico do nosso sistema, mas se deve \u00e0 sua habilidade para engajar.&#8221;<\/p>\n\n\n\n<p>A m\u00e9dia do presidente no IPD \u00e9 77,7. Em uma an\u00e1lise mais ampla, contudo, ele tem enfrentado uma piora no crit\u00e9rio val\u00eancia. &#8220;O que ele produz tem tido ao longo do tempo cada vez mais rea\u00e7\u00f5es negativas, acompanhando o que as pesquisas de opini\u00e3o mostram sobre sua aprova\u00e7\u00e3o&#8221;, observa o CEO.<\/p>\n\n\n\n<p>A lideran\u00e7a de Bolsonaro no monitoramento s\u00f3 foi amea\u00e7ada em momentos pontuais. Assim como aconteceu com Moro, o ex-ministro Luiz Henrique Mandetta chegou a se aproximar da pontua\u00e7\u00e3o do antigo chefe ao sair da cadeira e romper com o Planalto, mas acabou murchando.<\/p>\n\n\n\n<p>O mesmo ocorreu com os governadores de S\u00e3o Paulo, Jo\u00e3o Doria (PSDB), e do Rio de Janeiro, Wilson Witzel (PSC). &#8220;Bolsonaro, mesmo em meio ao agravamento da crise do coronav\u00edrus, continua imbat\u00edvel na esfera digital. A grande capacidade dele \u00e9 a de se manter em alta&#8221;, comenta Nunes.<\/p>\n\n\n\n<p>Outro que esteve perto de amea\u00e7ar o l\u00edder foi Huck, que desbancou Bolsonaro em dezembro, mas depois caiu. De um m\u00eas para c\u00e1, no entanto, o poss\u00edvel presidenci\u00e1vel ganhou f\u00f4lego. O movimento coincide com o aumento de suas postagens sobre temas do notici\u00e1rio, como a pandemia e o adiamento do Enem.<\/p>\n\n\n\n<p>Huck, lembra o coordenador do \u00edndice, j\u00e1 possui fama na internet, com contas ativas e abastecidas v\u00e1rias vezes ao dia, mas passou a experimentar um aumento de mobiliza\u00e7\u00e3o e engajamento de sua base. No in\u00edcio da crise do coronav\u00edrus, ele falou pouco sobre a doen\u00e7a e colheu resultados irregulares no ranking.<\/p>\n\n\n\n<p>Na ter\u00e7a (19), o comunicador teve pontua\u00e7\u00e3o 47,9, o que o posicionou no segundo lugar, atr\u00e1s do atual presidente da Rep\u00fablica, mas \u00e0 frente de Lula, que alcan\u00e7ou 30 pontos. A performance de Huck costuma tamb\u00e9m registrar picos aos s\u00e1bados, quando vai ao ar seu programa na TV Globo.<\/p>\n","protected":false},"excerpt":{"rendered":"<p>Durou pouco a ascens\u00e3o da popularidade digital de Sergio Moro puxada por sua sa\u00edda do governo Jair Bolsonaro. O ex-ministro da Justi\u00e7a, que chegou a&hellip; <\/p>\n","protected":false},"author":2,"featured_media":171004,"comment_status":"closed","ping_status":"closed","sticky":false,"template":"","format":"standard","meta":{"sfsi_plus_gutenberg_text_before_share":"","sfsi_plus_gutenberg_show_text_before_share":"","sfsi_plus_gutenberg_icon_type":"","sfsi_plus_gutenberg_icon_alignemt":"","sfsi_plus_gutenburg_max_per_row":"","footnotes":""},"categories":[11],"tags":[],"class_list":["post-171003","post","type-post","status-publish","format-standard","has-post-thumbnail","hentry","category-politica"],"_links":{"self":[{"href":"https:\/\/www.caririemacao.com\/1\/wp-json\/wp\/v2\/posts\/171003","targetHints":{"allow":["GET"]}}],"collection":[{"href":"https:\/\/www.caririemacao.com\/1\/wp-json\/wp\/v2\/posts"}],"about":[{"href":"https:\/\/www.caririemacao.com\/1\/wp-json\/wp\/v2\/types\/post"}],"author":[{"embeddable":true,"href":"https:\/\/www.caririemacao.com\/1\/wp-json\/wp\/v2\/users\/2"}],"replies":[{"embeddable":true,"href":"https:\/\/www.caririemacao.com\/1\/wp-json\/wp\/v2\/comments?post=171003"}],"version-history":[{"count":1,"href":"https:\/\/www.caririemacao.com\/1\/wp-json\/wp\/v2\/posts\/171003\/revisions"}],"predecessor-version":[{"id":171005,"href":"https:\/\/www.caririemacao.com\/1\/wp-json\/wp\/v2\/posts\/171003\/revisions\/171005"}],"wp:featuredmedia":[{"embeddable":true,"href":"https:\/\/www.caririemacao.com\/1\/wp-json\/wp\/v2\/media\/171004"}],"wp:attachment":[{"href":"https:\/\/www.caririemacao.com\/1\/wp-json\/wp\/v2\/media?parent=171003"}],"wp:term":[{"taxonomy":"category","embeddable":true,"href":"https:\/\/www.caririemacao.com\/1\/wp-json\/wp\/v2\/categories?post=171003"},{"taxonomy":"post_tag","embeddable":true,"href":"https:\/\/www.caririemacao.com\/1\/wp-json\/wp\/v2\/tags?post=171003"}],"curies":[{"name":"wp","href":"https:\/\/api.w.org\/{rel}","templated":true}]}}