{"id":171007,"date":"2020-05-22T14:07:00","date_gmt":"2020-05-22T17:07:00","guid":{"rendered":"https:\/\/www.caririemacao.com\/1\/?p=171007"},"modified":"2020-05-22T14:07:00","modified_gmt":"2020-05-22T17:07:00","slug":"amparo-confirma-mais-1-caso-do-covid-19-confira-na-materia","status":"publish","type":"post","link":"https:\/\/www.caririemacao.com\/1\/2020\/05\/22\/amparo-confirma-mais-1-caso-do-covid-19-confira-na-materia\/","title":{"rendered":"Amparo confirma mais 1 caso do COVID-19; confira na mat\u00e9ria"},"content":{"rendered":"\n<p>O Boletim Epidemiol\u00f3gico dessa sexta-feira (22) divulgado pela Secretaria de Sa\u00fade de Amparo tr\u00e1s mais um caso positivo, se refere a uma paciente que testou positivo na cidade de Jo\u00e3o Pessoa, por\u00e9m tem resid\u00eancia fixa no munic\u00edpio de Amparo.<\/p>\n\n\n\n<p><br><strong>Dois casos foram descartados hoje:<\/strong><em><strong>Dois<\/strong><\/em>\u00a0usu\u00e1rios que tiveram contato com pessoas positivadas foram testados com o resultado Negativo.<br><strong><em>Sete<\/em><\/strong>\u00a0pessoas foram notificadas hoje \u00e9 encontram-se em investiga\u00e7\u00e3o esperando completar a data m\u00ednima para realiza\u00e7\u00e3o do teste r\u00e1pido.<\/p>\n\n\n\n<p><br>A Secretaria de sa\u00fade refor\u00e7a a import\u00e2ncia do Isolamento Social, manter distanciamento, al\u00e9m de medidas gerais de preven\u00e7\u00e3o, como tamb\u00e9m uso obrigat\u00f3rio de m\u00e1scaras de acordo com Decreto Estadual e Municipal.<\/p>\n","protected":false},"excerpt":{"rendered":"<p>O Boletim Epidemiol\u00f3gico dessa sexta-feira (22) divulgado pela Secretaria de Sa\u00fade de Amparo tr\u00e1s mais um caso positivo, se refere a uma paciente que testou&hellip; <\/p>\n","protected":false},"author":2,"featured_media":171008,"comment_status":"closed","ping_status":"closed","sticky":false,"template":"","format":"standard","meta":{"sfsi_plus_gutenberg_text_before_share":"","sfsi_plus_gutenberg_show_text_before_share":"","sfsi_plus_gutenberg_icon_type":"","sfsi_plus_gutenberg_icon_alignemt":"","sfsi_plus_gutenburg_max_per_row":"","footnotes":""},"categories":[6],"tags":[],"class_list":["post-171007","post","type-post","status-publish","format-standard","has-post-thumbnail","hentry","category-cidades"],"_links":{"self":[{"href":"https:\/\/www.caririemacao.com\/1\/wp-json\/wp\/v2\/posts\/171007","targetHints":{"allow":["GET"]}}],"collection":[{"href":"https:\/\/www.caririemacao.com\/1\/wp-json\/wp\/v2\/posts"}],"about":[{"href":"https:\/\/www.caririemacao.com\/1\/wp-json\/wp\/v2\/types\/post"}],"author":[{"embeddable":true,"href":"https:\/\/www.caririemacao.com\/1\/wp-json\/wp\/v2\/users\/2"}],"replies":[{"embeddable":true,"href":"https:\/\/www.caririemacao.com\/1\/wp-json\/wp\/v2\/comments?post=171007"}],"version-history":[{"count":1,"href":"https:\/\/www.caririemacao.com\/1\/wp-json\/wp\/v2\/posts\/171007\/revisions"}],"predecessor-version":[{"id":171009,"href":"https:\/\/www.caririemacao.com\/1\/wp-json\/wp\/v2\/posts\/171007\/revisions\/171009"}],"wp:featuredmedia":[{"embeddable":true,"href":"https:\/\/www.caririemacao.com\/1\/wp-json\/wp\/v2\/media\/171008"}],"wp:attachment":[{"href":"https:\/\/www.caririemacao.com\/1\/wp-json\/wp\/v2\/media?parent=171007"}],"wp:term":[{"taxonomy":"category","embeddable":true,"href":"https:\/\/www.caririemacao.com\/1\/wp-json\/wp\/v2\/categories?post=171007"},{"taxonomy":"post_tag","embeddable":true,"href":"https:\/\/www.caririemacao.com\/1\/wp-json\/wp\/v2\/tags?post=171007"}],"curies":[{"name":"wp","href":"https:\/\/api.w.org\/{rel}","templated":true}]}}