{"id":171013,"date":"2020-05-22T16:47:42","date_gmt":"2020-05-22T19:47:42","guid":{"rendered":"https:\/\/www.caririemacao.com\/1\/?p=171013"},"modified":"2020-05-22T16:49:51","modified_gmt":"2020-05-22T19:49:51","slug":"em-parceria-com-o-procase-prefeitura-de-caraubas-beneficia-o-homem-do-campo-com-preparo-do-plantio-de-seis-campos-de-palma","status":"publish","type":"post","link":"https:\/\/www.caririemacao.com\/1\/2020\/05\/22\/em-parceria-com-o-procase-prefeitura-de-caraubas-beneficia-o-homem-do-campo-com-preparo-do-plantio-de-seis-campos-de-palma\/","title":{"rendered":"Em parceria com o Procase Prefeitura de Cara\u00fabas beneficia o homem do campo com o preparo do plantio de seis campos de palma"},"content":{"rendered":"\n<p>O munic\u00edpio de Cara\u00fabas localizado numa regi\u00e3o semi\u00e1rida se caracteriza pela instabilidade clim\u00e1tica, limitando \u00e0s atividades agropecu\u00e1rias no Estado. A concentra\u00e7\u00e3o das chuvas em poucos meses do ano acarretam em estacionalidade de produ\u00e7\u00e3o, com redu\u00e7\u00e3o da disponibilidade de forragem no per\u00edodo seco e impactos negativos sobre a viabilidade t\u00e9cnica e econ\u00f4mica da produ\u00e7\u00e3o animal.<\/p>\n\n\n\n<p><br>O ano de 2020 tem se caracterizado at\u00e9 presente data como um bom ano de inverno pelas chuvas j\u00e1 registradas at\u00e9 o momento. Cara\u00fabas j\u00e1 registrou mais de 600,00mm nos \u00faltimos cinco meses. Mas \u00e9 aproveitando este cen\u00e1rio que a Prefeitura Municipal de Cara\u00fabas atrav\u00e9s da Secretaria da Agricultura e em parceria com o Governo do Estado da Para\u00edba atrav\u00e9s do PROCASE vem implantando na zona rural do munic\u00edpio 06 (seis) campos de palma forrageira.<\/p>\n\n\n\n<figure class=\"wp-block-image size-large\"><img fetchpriority=\"high\" decoding=\"async\" width=\"770\" height=\"577\" src=\"https:\/\/www.caririemacao.com\/1\/wp-content\/uploads\/2020\/05\/seplacom2020_20200522_2.jpg\" alt=\"\" class=\"wp-image-171018\" srcset=\"https:\/\/www.caririemacao.com\/1\/wp-content\/uploads\/2020\/05\/seplacom2020_20200522_2.jpg 770w, https:\/\/www.caririemacao.com\/1\/wp-content\/uploads\/2020\/05\/seplacom2020_20200522_2-300x225.jpg 300w, https:\/\/www.caririemacao.com\/1\/wp-content\/uploads\/2020\/05\/seplacom2020_20200522_2-768x576.jpg 768w\" sizes=\"(max-width: 770px) 100vw, 770px\" \/><\/figure>\n\n\n\n<figure class=\"wp-block-image size-large\"><img decoding=\"async\" width=\"770\" height=\"577\" data-src=\"https:\/\/www.caririemacao.com\/1\/wp-content\/uploads\/2020\/05\/seplacom2020_20200522_6.jpg\" alt=\"\" class=\"wp-image-171016 lazyload\" data-srcset=\"https:\/\/www.caririemacao.com\/1\/wp-content\/uploads\/2020\/05\/seplacom2020_20200522_6.jpg 770w, https:\/\/www.caririemacao.com\/1\/wp-content\/uploads\/2020\/05\/seplacom2020_20200522_6-300x225.jpg 300w, https:\/\/www.caririemacao.com\/1\/wp-content\/uploads\/2020\/05\/seplacom2020_20200522_6-768x576.jpg 768w\" data-sizes=\"(max-width: 770px) 100vw, 770px\" src=\"data:image\/svg+xml;base64,PHN2ZyB3aWR0aD0iMSIgaGVpZ2h0PSIxIiB4bWxucz0iaHR0cDovL3d3dy53My5vcmcvMjAwMC9zdmciPjwvc3ZnPg==\" style=\"--smush-placeholder-width: 770px; --smush-placeholder-aspect-ratio: 770\/577;\" \/><\/figure>\n\n\n\n<p>Ela se destaca como planta forrageira ideal para mitigar os efeitos do baixo rendimento da pecu\u00e1ria no semi\u00e1rido. Se bem manejada, a palma \u00e9 capaz de atingir altas produtividades, garantindo a suplementa\u00e7\u00e3o dos animais. A Secretaria da Agricultura do munic\u00edpio disponibilizou os equipamentos necess\u00e1rios para o preparo do solo das comunidades de Curralinho, Azeite, Luiz Gomes, Moreira, Salinas\/Ro\u00e7a e Monte Alegre, beneficiando 58 fam\u00edlias.<\/p>\n\n\n\n<p><br>O secret\u00e1rio da Agricultura Rone Feitoza esteve acompanhando o prefeito Silvano Dudu em visita a comunidade do Monte Alegre onde est\u00e1 sendo implantado um desses campos. Essa parceria esta sendo fundamental para que possamos recuperar a palma em nossa regi\u00e3o. Cada agricultor ter\u00e1 plantado meio hectare de terra para produ\u00e7\u00e3o e depois ir\u00e1 distribuir com as comunidades que ainda n\u00e3o foram contempladas com o plantio da palma, disse o secret\u00e1rio.<\/p>\n\n\n\n<p><br>De acordo com Jo\u00e3o Macedo, coordenador do PROCASE est\u00e1 sendo investido aproximadamente R$ 280.000,00 (Duzentos e Oitenta Mil Reais) por parte do Estado da Para\u00edba na implanta\u00e7\u00e3o desses projetos no munic\u00edpio de Cara\u00fabas. Ele informou que o Projeto \u00e9 composto da Perfura\u00e7\u00e3o e instala\u00e7\u00e3o de 06 po\u00e7os com Catavento.<\/p>\n\n\n\n<p><br>Fonte: SEMPLACOM<br>Foto: ARQUIVO Seplacom<\/p>\n","protected":false},"excerpt":{"rendered":"<p>O munic\u00edpio de Cara\u00fabas localizado numa regi\u00e3o semi\u00e1rida se caracteriza pela instabilidade clim\u00e1tica, limitando \u00e0s atividades agropecu\u00e1rias no Estado. A concentra\u00e7\u00e3o das chuvas em poucos&hellip; <\/p>\n","protected":false},"author":1,"featured_media":171014,"comment_status":"closed","ping_status":"closed","sticky":false,"template":"","format":"standard","meta":{"sfsi_plus_gutenberg_text_before_share":"","sfsi_plus_gutenberg_show_text_before_share":"","sfsi_plus_gutenberg_icon_type":"","sfsi_plus_gutenberg_icon_alignemt":"","sfsi_plus_gutenburg_max_per_row":"","footnotes":""},"categories":[6,50],"tags":[],"class_list":["post-171013","post","type-post","status-publish","format-standard","has-post-thumbnail","hentry","category-cidades","category-destaque"],"_links":{"self":[{"href":"https:\/\/www.caririemacao.com\/1\/wp-json\/wp\/v2\/posts\/171013","targetHints":{"allow":["GET"]}}],"collection":[{"href":"https:\/\/www.caririemacao.com\/1\/wp-json\/wp\/v2\/posts"}],"about":[{"href":"https:\/\/www.caririemacao.com\/1\/wp-json\/wp\/v2\/types\/post"}],"author":[{"embeddable":true,"href":"https:\/\/www.caririemacao.com\/1\/wp-json\/wp\/v2\/users\/1"}],"replies":[{"embeddable":true,"href":"https:\/\/www.caririemacao.com\/1\/wp-json\/wp\/v2\/comments?post=171013"}],"version-history":[{"count":2,"href":"https:\/\/www.caririemacao.com\/1\/wp-json\/wp\/v2\/posts\/171013\/revisions"}],"predecessor-version":[{"id":171020,"href":"https:\/\/www.caririemacao.com\/1\/wp-json\/wp\/v2\/posts\/171013\/revisions\/171020"}],"wp:featuredmedia":[{"embeddable":true,"href":"https:\/\/www.caririemacao.com\/1\/wp-json\/wp\/v2\/media\/171014"}],"wp:attachment":[{"href":"https:\/\/www.caririemacao.com\/1\/wp-json\/wp\/v2\/media?parent=171013"}],"wp:term":[{"taxonomy":"category","embeddable":true,"href":"https:\/\/www.caririemacao.com\/1\/wp-json\/wp\/v2\/categories?post=171013"},{"taxonomy":"post_tag","embeddable":true,"href":"https:\/\/www.caririemacao.com\/1\/wp-json\/wp\/v2\/tags?post=171013"}],"curies":[{"name":"wp","href":"https:\/\/api.w.org\/{rel}","templated":true}]}}