{"id":171021,"date":"2020-05-22T17:09:24","date_gmt":"2020-05-22T20:09:24","guid":{"rendered":"https:\/\/www.caririemacao.com\/1\/?p=171021"},"modified":"2020-05-22T17:11:34","modified_gmt":"2020-05-22T20:11:34","slug":"urgente-celso-de-mello-decide-divulgar-o-video-da-reuniao-que-pode-derrubar-bolsonaro","status":"publish","type":"post","link":"https:\/\/www.caririemacao.com\/1\/2020\/05\/22\/urgente-celso-de-mello-decide-divulgar-o-video-da-reuniao-que-pode-derrubar-bolsonaro\/","title":{"rendered":"Urgente: Celso de Mello decide divulgar o v\u00eddeo da reuni\u00e3o que pode derrubar Bolsonaro"},"content":{"rendered":"\n<p>O ministro do Supremo Tribunal Federal (STF) Celso de Mello decidiu, nesta sexta-feira (22), a favor da divulga\u00e7\u00e3o do v\u00eddeo que mostra a reuni\u00e3o ministerial de 22 de abril, informou o jornalista&nbsp;Fernando Molica da rede CNN Brasil. O v\u00eddeo ser\u00e1 divulgado quase em sua \u00edntegra deixando apenas cita\u00e7\u00f5es \u00e0 China e ao Paraguai em sigilo.<\/p>\n\n\n\n<p><strong>Celso de Mello<\/strong>&nbsp;\u00e9 o respons\u00e1vel no STF pelo inqu\u00e9rito&nbsp;que investiga suposta tentativa de interfer\u00eancias do presidente Jair Bolsonaro (sem partido) na Pol\u00edcia Federal (PF).<\/p>\n\n\n\n<p>A decis\u00e3o foi tomada ap\u00f3s Celso de Mello ter assistido o&nbsp;<strong>v\u00eddeo<\/strong>&nbsp;nesta segunda. A reuni\u00e3o do dia 22 de abril foi citada pelo ex-ministro da Justi\u00e7a S\u00e9rgio Moro em seu depoimento para o inqu\u00e9rito.&nbsp;O v\u00eddeo que mostra a grava\u00e7\u00e3o desta reuni\u00e3o estava sendo usado como uma prova sigilosa da investiga\u00e7\u00e3o.<\/p>\n\n\n\n<p>A AGU alegava que divulgar o conte\u00fado completo do v\u00eddeo poderia comprometer o governo. J\u00e1 a defesa de&nbsp;<strong>Moro<\/strong>&nbsp;defendia que a grava\u00e7\u00e3o n\u00e3o possui &#8220;qualquer assunto pertinente a Segredo de Estado ou que possa gerar incidente diplom\u00e1tico, muito menos colocar em risco a Seguran\u00e7a Nacional&#8221;.<\/p>\n\n\n\n<p>O&nbsp;<strong>ministro do STF<\/strong>&nbsp;n\u00e3o participou da exibi\u00e7\u00e3o do v\u00eddeo no inqu\u00e9rito que ocorreu na \u00faltima ter\u00e7a-feira (15), devido ele &#8220;n\u00e3o me encontrar em Bras\u00edlia neste per\u00edodo de pandemia, em raz\u00e3o de compor grupo de risco, embora trabalhando, intensamente, \u00e0 dist\u00e2ncia&#8221;.<\/p>\n\n\n\n<p>Nesta segunda-feira (18) foi feito um esquema especial para que&nbsp;<strong>Celso de Mello<\/strong>&nbsp;pudesse assistir o v\u00eddeo em sua casa, na cidade de S\u00e3o Paulo, por meio de um&nbsp;pen drive entregado pela Pol\u00edcia Federal.<\/p>\n\n\n\n<p>Com \u00daltimo segundo<\/p>\n","protected":false},"excerpt":{"rendered":"<p>O ministro do Supremo Tribunal Federal (STF) Celso de Mello decidiu, nesta sexta-feira (22), a favor da divulga\u00e7\u00e3o do v\u00eddeo que mostra a reuni\u00e3o ministerial&hellip; <\/p>\n","protected":false},"author":1,"featured_media":171027,"comment_status":"closed","ping_status":"closed","sticky":false,"template":"","format":"standard","meta":{"sfsi_plus_gutenberg_text_before_share":"","sfsi_plus_gutenberg_show_text_before_share":"","sfsi_plus_gutenberg_icon_type":"","sfsi_plus_gutenberg_icon_alignemt":"","sfsi_plus_gutenburg_max_per_row":"","footnotes":""},"categories":[50],"tags":[],"class_list":["post-171021","post","type-post","status-publish","format-standard","has-post-thumbnail","hentry","category-destaque"],"_links":{"self":[{"href":"https:\/\/www.caririemacao.com\/1\/wp-json\/wp\/v2\/posts\/171021","targetHints":{"allow":["GET"]}}],"collection":[{"href":"https:\/\/www.caririemacao.com\/1\/wp-json\/wp\/v2\/posts"}],"about":[{"href":"https:\/\/www.caririemacao.com\/1\/wp-json\/wp\/v2\/types\/post"}],"author":[{"embeddable":true,"href":"https:\/\/www.caririemacao.com\/1\/wp-json\/wp\/v2\/users\/1"}],"replies":[{"embeddable":true,"href":"https:\/\/www.caririemacao.com\/1\/wp-json\/wp\/v2\/comments?post=171021"}],"version-history":[{"count":4,"href":"https:\/\/www.caririemacao.com\/1\/wp-json\/wp\/v2\/posts\/171021\/revisions"}],"predecessor-version":[{"id":171028,"href":"https:\/\/www.caririemacao.com\/1\/wp-json\/wp\/v2\/posts\/171021\/revisions\/171028"}],"wp:featuredmedia":[{"embeddable":true,"href":"https:\/\/www.caririemacao.com\/1\/wp-json\/wp\/v2\/media\/171027"}],"wp:attachment":[{"href":"https:\/\/www.caririemacao.com\/1\/wp-json\/wp\/v2\/media?parent=171021"}],"wp:term":[{"taxonomy":"category","embeddable":true,"href":"https:\/\/www.caririemacao.com\/1\/wp-json\/wp\/v2\/categories?post=171021"},{"taxonomy":"post_tag","embeddable":true,"href":"https:\/\/www.caririemacao.com\/1\/wp-json\/wp\/v2\/tags?post=171021"}],"curies":[{"name":"wp","href":"https:\/\/api.w.org\/{rel}","templated":true}]}}