{"id":171029,"date":"2020-05-22T17:42:32","date_gmt":"2020-05-22T20:42:32","guid":{"rendered":"https:\/\/www.caririemacao.com\/1\/?p=171029"},"modified":"2020-05-22T17:42:32","modified_gmt":"2020-05-22T20:42:32","slug":"monteiro-confirma-mais-02-casos-positivos-de-covid-19-ao-todo-sao-16-casos-confirmados","status":"publish","type":"post","link":"https:\/\/www.caririemacao.com\/1\/2020\/05\/22\/monteiro-confirma-mais-02-casos-positivos-de-covid-19-ao-todo-sao-16-casos-confirmados\/","title":{"rendered":"Monteiro confirma mais 02 casos positivos de Covid-19, ao todo s\u00e3o 16 casos confirmados"},"content":{"rendered":"\n<p>\u2800<br>A Secretaria Municipal de Sa\u00fade de Monteiro informa que hoje foram notificados mais dois novos casos de Covid- 19. Trata-se de um paciente do sexo masculino, 35 anos e uma paciente do sexo feminino, 60 anos.<\/p>\n\n\n\n<p>\u2800<br>Ambos apresentam sintomas leves da doen\u00e7a, permanecem em isolamento domiciliar, monitorados pela equipe de Vigil\u00e2ncia em Sa\u00fade.<\/p>\n\n\n\n<p>\u2800<br>Refor\u00e7amos a import\u00e2ncia de seguir as\u2800<br>orienta\u00e7\u00f5es do distanciamento social e demais medidas apresentadas pela Secretaria de Sa\u00fade.\u2800<\/p>\n\n\n\n<p>&#x1f539;Nota Informativa\u2800<br>Atualizada em 22\/05\/2020\u2800<br>\u2800<\/p>\n","protected":false},"excerpt":{"rendered":"<p>\u2800A Secretaria Municipal de Sa\u00fade de Monteiro informa que hoje foram notificados mais dois novos casos de Covid- 19. Trata-se de um paciente do sexo&hellip; <\/p>\n","protected":false},"author":1,"featured_media":171030,"comment_status":"closed","ping_status":"closed","sticky":false,"template":"","format":"standard","meta":{"sfsi_plus_gutenberg_text_before_share":"","sfsi_plus_gutenberg_show_text_before_share":"","sfsi_plus_gutenberg_icon_type":"","sfsi_plus_gutenberg_icon_alignemt":"","sfsi_plus_gutenburg_max_per_row":"","footnotes":""},"categories":[6,16],"tags":[],"class_list":["post-171029","post","type-post","status-publish","format-standard","has-post-thumbnail","hentry","category-cidades","category-saude"],"_links":{"self":[{"href":"https:\/\/www.caririemacao.com\/1\/wp-json\/wp\/v2\/posts\/171029","targetHints":{"allow":["GET"]}}],"collection":[{"href":"https:\/\/www.caririemacao.com\/1\/wp-json\/wp\/v2\/posts"}],"about":[{"href":"https:\/\/www.caririemacao.com\/1\/wp-json\/wp\/v2\/types\/post"}],"author":[{"embeddable":true,"href":"https:\/\/www.caririemacao.com\/1\/wp-json\/wp\/v2\/users\/1"}],"replies":[{"embeddable":true,"href":"https:\/\/www.caririemacao.com\/1\/wp-json\/wp\/v2\/comments?post=171029"}],"version-history":[{"count":1,"href":"https:\/\/www.caririemacao.com\/1\/wp-json\/wp\/v2\/posts\/171029\/revisions"}],"predecessor-version":[{"id":171031,"href":"https:\/\/www.caririemacao.com\/1\/wp-json\/wp\/v2\/posts\/171029\/revisions\/171031"}],"wp:featuredmedia":[{"embeddable":true,"href":"https:\/\/www.caririemacao.com\/1\/wp-json\/wp\/v2\/media\/171030"}],"wp:attachment":[{"href":"https:\/\/www.caririemacao.com\/1\/wp-json\/wp\/v2\/media?parent=171029"}],"wp:term":[{"taxonomy":"category","embeddable":true,"href":"https:\/\/www.caririemacao.com\/1\/wp-json\/wp\/v2\/categories?post=171029"},{"taxonomy":"post_tag","embeddable":true,"href":"https:\/\/www.caririemacao.com\/1\/wp-json\/wp\/v2\/tags?post=171029"}],"curies":[{"name":"wp","href":"https:\/\/api.w.org\/{rel}","templated":true}]}}