{"id":171035,"date":"2020-05-22T21:18:14","date_gmt":"2020-05-23T00:18:14","guid":{"rendered":"https:\/\/www.caririemacao.com\/1\/?p=171035"},"modified":"2020-05-22T21:39:47","modified_gmt":"2020-05-23T00:39:47","slug":"benfeitores-campanha-de-financiamento-coletivo-vai-doar-cestas-basicas-para-familias-de-baixa-renda-de-serra-branca-e-sume","status":"publish","type":"post","link":"https:\/\/www.caririemacao.com\/1\/2020\/05\/22\/benfeitores-campanha-de-financiamento-coletivo-vai-doar-cestas-basicas-para-familias-de-baixa-renda-de-serra-branca-e-sume\/","title":{"rendered":"Benfeitores: Campanha de financiamento coletivo vai doar cestas b\u00e1sicas para fam\u00edlias de baixa renda de Serra Branca e Sum\u00e9"},"content":{"rendered":"\n<p>Organiza\u00e7\u00f5es sociais de Serra Branca e de Sum\u00e9, no Cariri paraibano, foram selecionadas em uma campanha nacional de financiamento coletivo para arrecada\u00e7\u00e3o de recursos para projeto de enfrentamento ao Covid-19. O Projeto Prol Cariri Solid\u00e1rio- Atletas se unem contra a Covid-19, \u00e9 uma parceria entre a escolinha&nbsp; de futebol Pequeno Craque, em Serra Branca, e o projeto Programa Ol\u00edmpico do Cariri -ProlCariri, em Sum\u00e9,&nbsp; proponentes do projeto, que tem como meta distribuir centenas cestas b\u00e1sicas e itens de higiene para pessoas de baixa renda dos dois munic\u00edpios.&nbsp;&nbsp;<\/p>\n\n\n\n<p>A cientista social e respons\u00e1vel pelo projeto, Paula W\u00eandia, informou que a iniciativa representa a uni\u00e3o de duas organiza\u00e7\u00f5es sociais com forte atua\u00e7\u00e3o&nbsp; nos territ\u00f3rios, que submeteram o projeto no Edital Matchfunding Enfrente, ap\u00f3s selecionado foi inserido na plataforma e financiamento coletivo &#8220;Benfeitoria&#8221;,&nbsp; onde cada R$ 1,00 doado, mais R$ 2,00 s\u00e3o colocados at\u00e9 que a meta dos 30 mil seja atingida. O fundo \u00e9 mantido por institui\u00e7\u00f5es como a Benfeitoria,&nbsp; funda\u00e7\u00e3o Tide Setubal, Itau Social.&nbsp; \u201cContamos tamb\u00e9m com o apoio do Observat\u00f3rio de Favelas e Redes da Mar\u00e9 com forte atua\u00e7\u00e3o no complexo da Mar\u00e9 no Rio de Janeiro\u201d.&nbsp;&nbsp;<\/p>\n\n\n\n<p>De acordo com Paula W\u00eandia, a iniciativa busca amenizar o impacto da Pandemia da Covid-19, tanto para aqueles que necessitam se alimentar, diante da grave crise econ\u00f4mica, como tamb\u00e9m para auxiliar os micros e pequenos neg\u00f3cios locais, fazendo o dinheiro girar na cidade, atrav\u00e9s da compra dos produtos nos pequenos com\u00e9rcios locais.&nbsp; \u201cEstamos convidando as pessoas para fazer parte&nbsp; dessa a\u00e7\u00e3o,&nbsp; contribuindo com qualquer quantia, que ir\u00e1 garantir alimentos para&nbsp; as fam\u00edlias que est\u00e3o sem renda e passando por&nbsp; necessidades e, ao mesmo tempo, contribuir com a movimenta\u00e7\u00e3o da economia dos munic\u00edpios\u201d.&nbsp;&nbsp;&nbsp;&nbsp;<\/p>\n\n\n\n<p>Em Serra Branca Ser\u00e3o beneficiados os bairros Odonz\u00e3o, Ahu, Pereiros, e Limeir\u00e3o. Em Sum\u00e9 Alto Alegre, Frei Dami\u00e3o Carro quebrado e V\u00e1rzea Redonda.<\/p>\n\n\n\n<p>As Institui\u00e7\u00f5es:<\/p>\n\n\n\n<p>O Prol Cariri, surgiu em 2011, a partir de uma constru\u00e7\u00e3o coletiva de alguns professores da Universidade Federal de Campina Grande UFCG\/ Campus de Desenvolvimento Sustent\u00e1vel do Semi\u00e1ridos- CDSA. Consiste na promo\u00e7\u00e3o a\u00e7\u00f5es educacionais e esportivas alicer\u00e7adas nos valores do olimpismo.. O Projeto teve in\u00edcio com 120 crian\u00e7as perif\u00e9ricas, matriculadas na rede municipal de Ensino de Sum\u00e9-PB.<\/p>\n\n\n\n<p>A Escolinha Pequeno Craque \u00e9 uma iniciativa filantr\u00f3pica que desenvolve habilidades voltadas para o futebol h\u00e1 cerca de 4 anos, atualmente est\u00e1 presente em cinco bairros beneficiando aproximadamente 100 crian\u00e7as e adolescentes das periferias da cidade de Serra Branca. Al\u00e9m da pr\u00e1tica esportiva, a Escolinha Pequeno Craque tamb\u00e9m dialoga com quest\u00f5es sociais, culturais, hist\u00f3ricas, assim com o desenvolvimento de habilidades motoras f\u00edsicas, consci\u00eancia coletiva, afetiva, disciplina e respeito \u00e0s diferen\u00e7as.<\/p>\n\n\n\n<p>Como Doar:<\/p>\n\n\n\n<p>As doa\u00e7\u00f5es podem ser feitas r via cart\u00e3o de cr\u00e9dito ou boleto banc\u00e1rio.\u00a0 Atrav\u00e9s do link:  https:\/\/benfeitoria.com\/atletasunidoscontraocovid.<\/p>\n\n\n\n<p>Clique <a href=\"https:\/\/benfeitoria.com\/atletasunidoscontraocovid\">Aqui<\/a> e fa\u00e7a sua <a href=\"https:\/\/benfeitoria.com\/atletasunidoscontraocovid\">DOA\u00c7\u00c3O<\/a>  Doe. E fa\u00e7a parte desse time solid\u00e1rio para vencermos a pandemia do Coronav\u00edrus, promover cidadania e a constru\u00e7\u00e3o de uma sociedade melhor.<\/p>\n","protected":false},"excerpt":{"rendered":"<p>Organiza\u00e7\u00f5es sociais de Serra Branca e de Sum\u00e9, no Cariri paraibano, foram selecionadas em uma campanha nacional de financiamento coletivo para arrecada\u00e7\u00e3o de recursos para&hellip; <\/p>\n","protected":false},"author":1,"featured_media":171036,"comment_status":"closed","ping_status":"closed","sticky":false,"template":"","format":"standard","meta":{"sfsi_plus_gutenberg_text_before_share":"","sfsi_plus_gutenberg_show_text_before_share":"","sfsi_plus_gutenberg_icon_type":"","sfsi_plus_gutenberg_icon_alignemt":"","sfsi_plus_gutenburg_max_per_row":"","footnotes":""},"categories":[50],"tags":[],"class_list":["post-171035","post","type-post","status-publish","format-standard","has-post-thumbnail","hentry","category-destaque"],"_links":{"self":[{"href":"https:\/\/www.caririemacao.com\/1\/wp-json\/wp\/v2\/posts\/171035","targetHints":{"allow":["GET"]}}],"collection":[{"href":"https:\/\/www.caririemacao.com\/1\/wp-json\/wp\/v2\/posts"}],"about":[{"href":"https:\/\/www.caririemacao.com\/1\/wp-json\/wp\/v2\/types\/post"}],"author":[{"embeddable":true,"href":"https:\/\/www.caririemacao.com\/1\/wp-json\/wp\/v2\/users\/1"}],"replies":[{"embeddable":true,"href":"https:\/\/www.caririemacao.com\/1\/wp-json\/wp\/v2\/comments?post=171035"}],"version-history":[{"count":4,"href":"https:\/\/www.caririemacao.com\/1\/wp-json\/wp\/v2\/posts\/171035\/revisions"}],"predecessor-version":[{"id":171043,"href":"https:\/\/www.caririemacao.com\/1\/wp-json\/wp\/v2\/posts\/171035\/revisions\/171043"}],"wp:featuredmedia":[{"embeddable":true,"href":"https:\/\/www.caririemacao.com\/1\/wp-json\/wp\/v2\/media\/171036"}],"wp:attachment":[{"href":"https:\/\/www.caririemacao.com\/1\/wp-json\/wp\/v2\/media?parent=171035"}],"wp:term":[{"taxonomy":"category","embeddable":true,"href":"https:\/\/www.caririemacao.com\/1\/wp-json\/wp\/v2\/categories?post=171035"},{"taxonomy":"post_tag","embeddable":true,"href":"https:\/\/www.caririemacao.com\/1\/wp-json\/wp\/v2\/tags?post=171035"}],"curies":[{"name":"wp","href":"https:\/\/api.w.org\/{rel}","templated":true}]}}