{"id":171044,"date":"2020-05-23T06:04:36","date_gmt":"2020-05-23T09:04:36","guid":{"rendered":"https:\/\/www.caririemacao.com\/1\/?p=171044"},"modified":"2020-05-23T06:04:36","modified_gmt":"2020-05-23T09:04:36","slug":"mpf-mpt-secretarias-e-hospitais-da-pb-alertam-sobre-risco-de-colapso-no-sistema-de-saude","status":"publish","type":"post","link":"https:\/\/www.caririemacao.com\/1\/2020\/05\/23\/mpf-mpt-secretarias-e-hospitais-da-pb-alertam-sobre-risco-de-colapso-no-sistema-de-saude\/","title":{"rendered":"MPF, MPT, secretarias e hospitais da PB alertam sobre risco de colapso no sistema de sa\u00fade"},"content":{"rendered":"\n<p>Uma carta aberta \u00e0 popula\u00e7\u00e3o paraibana foi divulgada nesta quinta-feira (21) e alerta sobre o risco de colapso do sistema de sa\u00fade no estado. O documento foi assinado por Minist\u00e9rio P\u00fablico Federal, Minist\u00e9rio P\u00fablico do Trabalho, secretarias de Sa\u00fade da Para\u00edba e de Jo\u00e3o Pessoa e hospitais particulares.<\/p>\n\n\n\n<p>De acordo com a carta, as entidades est\u00e3o preocupadas com o avan\u00e7o da pandemia na Para\u00edba, especialmente na regi\u00e3o metropolitana de Jo\u00e3o Pessoa, e com o progressivo esgotamento da capacidade da rede hospitalar p\u00fablica e privada dedicada ao tratamento da doen\u00e7a.<\/p>\n\n\n\n<p><strong>Segundo o documento:<\/strong><\/p>\n\n\n\n<ul class=\"wp-block-list\"><li>A&nbsp;1\u00aa macrorregi\u00e3o de sa\u00fade do estado, sediada em Jo\u00e3o Pessoa, possui 83% dos leitos de UTI e 58% leitos de enfermaria ocupados.<\/li><li>A 2\u00aa macrorregi\u00e3o, com sede em Campina Grande, tem 48% dos leitos de UTI e 56% dos leitos de enfermaria ocupados.<\/li><li>A 3\u00aa macrorregi\u00e3o, em Patos, tem 38% e 47% de ocupa\u00e7\u00e3o dos leitos de UTI e de enfermaria, respectivamente.<\/li><\/ul>\n\n\n\n<p>J\u00e1 na rede hospitalar particular de Jo\u00e3o Pessoa, os n\u00fameros de ocupa\u00e7\u00e3o s\u00e3o maiores. De acordo com documento, o hospital Nossa Senhora das Neves tem 70% de ocupa\u00e7\u00e3o dos leitos de UTI, os hospitais Unimed e Memorial S\u00e3o Francisco contam com as taxas de ocupa\u00e7\u00e3o de 85% e 90%, respectivamente.<\/p>\n\n\n\n<div class=\"wp-block-image\"><figure class=\"aligncenter\"><img decoding=\"async\" data-src=\"http:\/\/deolhonocariri.com.br\/wp-content\/uploads\/2020\/05\/captura-de-tela-170-.jpg\" alt=\"\" class=\"wp-image-82813 lazyload\" src=\"data:image\/svg+xml;base64,PHN2ZyB3aWR0aD0iMSIgaGVpZ2h0PSIxIiB4bWxucz0iaHR0cDovL3d3dy53My5vcmcvMjAwMC9zdmciPjwvc3ZnPg==\" \/><\/figure><\/div>\n\n\n\n<p>Na carta, as entidades ressaltam a necessidade de respeito \u00e0s medidas de conten\u00e7\u00e3o de propaga\u00e7\u00e3o do novo coronav\u00edrus recomendadas pela comunidade cient\u00edfica, adotadas pelo Estado da Para\u00edba e e munic\u00edpios, os quais seguem as diretrizes preconizadas pela Organiza\u00e7\u00e3o Mundial da Sa\u00fade (OMS) e promovem o isolamento horizontal.<\/p>\n\n\n\n<p>\u201cEm meio aos desafios e hip\u00f3teses que ainda cercam a pandemia de Covid-19, est\u00e1 claro que o isolamento social rigoroso \u00e9 a a\u00e7\u00e3o mais eficaz para evitar a r\u00e1pida dissemina\u00e7\u00e3o da doen\u00e7a e o consequente colapso do sistema de sa\u00fade, tanto da rede p\u00fablica quanto da rede privada\u201d, diz trecho da carta.<\/p>\n\n\n\n<p>No texto, tamb\u00e9m \u00e9 destacada a uni\u00e3o de esfor\u00e7os de toda a popula\u00e7\u00e3o, inclusive para rebater condutas de desrespeito \u00e0s medidas de preven\u00e7\u00e3o. De acordo com o documento, o momento \u00e9 crucial, e ainda h\u00e1 tempo de se evitar o colapso do sistema de sa\u00fade e atenuar n\u00famero de mortes se o isolamento for respeitado.<\/p>\n\n\n\n<p>G1 PB \u2013 Foto: Kleide Teixeira \/ Jornal da Para\u00edba<\/p>\n","protected":false},"excerpt":{"rendered":"<p>Uma carta aberta \u00e0 popula\u00e7\u00e3o paraibana foi divulgada nesta quinta-feira (21) e alerta sobre o risco de colapso do sistema de sa\u00fade no estado. O&hellip; <\/p>\n","protected":false},"author":2,"featured_media":171045,"comment_status":"closed","ping_status":"closed","sticky":false,"template":"","format":"standard","meta":{"sfsi_plus_gutenberg_text_before_share":"","sfsi_plus_gutenberg_show_text_before_share":"","sfsi_plus_gutenberg_icon_type":"","sfsi_plus_gutenberg_icon_alignemt":"","sfsi_plus_gutenburg_max_per_row":"","footnotes":""},"categories":[2],"tags":[],"class_list":["post-171044","post","type-post","status-publish","format-standard","has-post-thumbnail","hentry","category-geral"],"_links":{"self":[{"href":"https:\/\/www.caririemacao.com\/1\/wp-json\/wp\/v2\/posts\/171044","targetHints":{"allow":["GET"]}}],"collection":[{"href":"https:\/\/www.caririemacao.com\/1\/wp-json\/wp\/v2\/posts"}],"about":[{"href":"https:\/\/www.caririemacao.com\/1\/wp-json\/wp\/v2\/types\/post"}],"author":[{"embeddable":true,"href":"https:\/\/www.caririemacao.com\/1\/wp-json\/wp\/v2\/users\/2"}],"replies":[{"embeddable":true,"href":"https:\/\/www.caririemacao.com\/1\/wp-json\/wp\/v2\/comments?post=171044"}],"version-history":[{"count":1,"href":"https:\/\/www.caririemacao.com\/1\/wp-json\/wp\/v2\/posts\/171044\/revisions"}],"predecessor-version":[{"id":171046,"href":"https:\/\/www.caririemacao.com\/1\/wp-json\/wp\/v2\/posts\/171044\/revisions\/171046"}],"wp:featuredmedia":[{"embeddable":true,"href":"https:\/\/www.caririemacao.com\/1\/wp-json\/wp\/v2\/media\/171045"}],"wp:attachment":[{"href":"https:\/\/www.caririemacao.com\/1\/wp-json\/wp\/v2\/media?parent=171044"}],"wp:term":[{"taxonomy":"category","embeddable":true,"href":"https:\/\/www.caririemacao.com\/1\/wp-json\/wp\/v2\/categories?post=171044"},{"taxonomy":"post_tag","embeddable":true,"href":"https:\/\/www.caririemacao.com\/1\/wp-json\/wp\/v2\/tags?post=171044"}],"curies":[{"name":"wp","href":"https:\/\/api.w.org\/{rel}","templated":true}]}}