{"id":171052,"date":"2020-05-23T06:10:47","date_gmt":"2020-05-23T09:10:47","guid":{"rendered":"https:\/\/www.caririemacao.com\/1\/?p=171052"},"modified":"2020-05-23T06:10:47","modified_gmt":"2020-05-23T09:10:47","slug":"gaeco-denuncia-ricardo-coutinho-e-mais-sete-pessoas-por-esquema-criminoso-de-tentativa-de-apropriacao-do-lifesa","status":"publish","type":"post","link":"https:\/\/www.caririemacao.com\/1\/2020\/05\/23\/gaeco-denuncia-ricardo-coutinho-e-mais-sete-pessoas-por-esquema-criminoso-de-tentativa-de-apropriacao-do-lifesa\/","title":{"rendered":"Gaeco denuncia Ricardo Coutinho e mais sete pessoas por esquema criminoso de tentativa de apropria\u00e7\u00e3o do Lifesa"},"content":{"rendered":"\n<p>O Grupo de Atua\u00e7\u00e3o Especial Contra o Crime Organizado do Minist\u00e9rio P\u00fablico da Para\u00edba (Gaeco) abriu uma\u00a0den\u00fancia contra o ex-governador da Para\u00edba, Ricardo Coutinho, e mais sete pessoas,\u00a0por um esquema criminoso utilizando o laborat\u00f3rio farmac\u00eautico, Lifesa. Eles s\u00e3o acusados\u00a0de formar uma organiza\u00e7\u00e3o criminosa (Orcrim) que tentou se apropriar da Lifesa.\u00a0<\/p>\n\n\n\n<p>S\u00e3o alvos da den\u00fancia o ex-governador Ricardo Coutinho, seu irm\u00e3o, Coriolano Coutinho, sua esposa Amanda Ara\u00fajo Rodrigues, o ex-procurador do Estado, Gilberto Carneiro, al\u00e9m de Daniel Gomes, Waldson de Souza, Maur\u00edcio Rocha Neves e Alu\u00edsio Freitas de Almeida.<\/p>\n\n\n\n<p>A den\u00fancia obtida pelo Portal ClickPB, \u00e9 um desmembramento da Opera\u00e7\u00e3o Calv\u00e1rio.&nbsp;<\/p>\n\n\n\n<p>De acordo com o documento, a Orcrim se apropriou de empresa p\u00fablica \u2013&nbsp;inoperante e invi\u00e1vel economicamente \u2013 para, atrav\u00e9s de aporte substancial de&nbsp;dinheiro dos cofres do Estado da Para\u00edba, lavagem de capitais e superfaturamento de&nbsp;fornecimento de bens e servi\u00e7os, camuflar o real intuito de se apropriar de dinheiro p\u00fablico.<\/p>\n\n\n\n<p>Isso&nbsp;ocorreu por meio da aquisi\u00e7\u00e3o de toda a participa\u00e7\u00e3o privada do Lifesa pela organiza\u00e7\u00e3o criminosa (atrav\u00e9s de empresa interposta e dominada pela quadrilha &#8211; a Troy), ao mesmo tempo em que a gest\u00e3o da empresa p\u00fablica viabilizou uma enorme estrutura\u00e7\u00e3o material (nova sede e ind\u00fastria, novos e caros maquin\u00e1rios e insumos etc), possibilitando que, por meio de procedimentos fraudulentos de dispensa de licita\u00e7\u00e3o, a Orcrim firmasse contratos com a administra\u00e7\u00e3o de entidades p\u00fablicas prestadoras de servi\u00e7os de sa\u00fade.<\/p>\n\n\n\n<p>Na den\u00fancia, o Minist\u00e9rio P\u00fablico sugere indeniza\u00e7\u00e3o por danos morais coletivos no valor de R$ 250 mil, que seria o montante referente as propinas efetivamente pagas, consubstanciadas no valor despendido para aquisi\u00e7\u00e3o das a\u00e7\u00f5es do LIFESA pela TROYSP, cuja origem \u00e9 comprovadamente il\u00edcita, de acordo com o texto.<\/p>\n","protected":false},"excerpt":{"rendered":"<p>O Grupo de Atua\u00e7\u00e3o Especial Contra o Crime Organizado do Minist\u00e9rio P\u00fablico da Para\u00edba (Gaeco) abriu uma\u00a0den\u00fancia contra o ex-governador da Para\u00edba, Ricardo Coutinho, e&hellip; <\/p>\n","protected":false},"author":2,"featured_media":164526,"comment_status":"closed","ping_status":"closed","sticky":false,"template":"","format":"standard","meta":{"sfsi_plus_gutenberg_text_before_share":"","sfsi_plus_gutenberg_show_text_before_share":"","sfsi_plus_gutenberg_icon_type":"","sfsi_plus_gutenberg_icon_alignemt":"","sfsi_plus_gutenburg_max_per_row":"","footnotes":""},"categories":[2],"tags":[],"class_list":["post-171052","post","type-post","status-publish","format-standard","has-post-thumbnail","hentry","category-geral"],"_links":{"self":[{"href":"https:\/\/www.caririemacao.com\/1\/wp-json\/wp\/v2\/posts\/171052","targetHints":{"allow":["GET"]}}],"collection":[{"href":"https:\/\/www.caririemacao.com\/1\/wp-json\/wp\/v2\/posts"}],"about":[{"href":"https:\/\/www.caririemacao.com\/1\/wp-json\/wp\/v2\/types\/post"}],"author":[{"embeddable":true,"href":"https:\/\/www.caririemacao.com\/1\/wp-json\/wp\/v2\/users\/2"}],"replies":[{"embeddable":true,"href":"https:\/\/www.caririemacao.com\/1\/wp-json\/wp\/v2\/comments?post=171052"}],"version-history":[{"count":1,"href":"https:\/\/www.caririemacao.com\/1\/wp-json\/wp\/v2\/posts\/171052\/revisions"}],"predecessor-version":[{"id":171053,"href":"https:\/\/www.caririemacao.com\/1\/wp-json\/wp\/v2\/posts\/171052\/revisions\/171053"}],"wp:featuredmedia":[{"embeddable":true,"href":"https:\/\/www.caririemacao.com\/1\/wp-json\/wp\/v2\/media\/164526"}],"wp:attachment":[{"href":"https:\/\/www.caririemacao.com\/1\/wp-json\/wp\/v2\/media?parent=171052"}],"wp:term":[{"taxonomy":"category","embeddable":true,"href":"https:\/\/www.caririemacao.com\/1\/wp-json\/wp\/v2\/categories?post=171052"},{"taxonomy":"post_tag","embeddable":true,"href":"https:\/\/www.caririemacao.com\/1\/wp-json\/wp\/v2\/tags?post=171052"}],"curies":[{"name":"wp","href":"https:\/\/api.w.org\/{rel}","templated":true}]}}