{"id":171058,"date":"2020-05-23T06:19:05","date_gmt":"2020-05-23T09:19:05","guid":{"rendered":"https:\/\/www.caririemacao.com\/1\/?p=171058"},"modified":"2020-05-23T06:19:05","modified_gmt":"2020-05-23T09:19:05","slug":"prefeitura-de-monteiro-investe-r110-mil-reais-em-obra-no-bairro-do-mutirao","status":"publish","type":"post","link":"https:\/\/www.caririemacao.com\/1\/2020\/05\/23\/prefeitura-de-monteiro-investe-r110-mil-reais-em-obra-no-bairro-do-mutirao\/","title":{"rendered":"Prefeitura de Monteiro investe R$110 mil reais em obra no bairro do Mutir\u00e3o"},"content":{"rendered":"\n<p>Durante as reuni\u00f5es e plen\u00e1rias realizadas pelo munic\u00edpio, antes da pandemia, a Prefeitura de Monteiro recebeu diversas solicita\u00e7\u00f5es sobre os investimentos nos bairros da cidade. Dentre estas solicita\u00e7\u00f5es est\u00e1 a Pra\u00e7a no bairro do Mutir\u00e3o.<\/p>\n\n\n\n<p>Aberta \u00e0s indica\u00e7\u00f5es da popula\u00e7\u00e3o, a prefeita Anna Lorena divulgou no \u00faltimo pacote do Programa Monteiro Cidade Trabalho, que realizaria a obra solicitada pela popula\u00e7\u00e3o daquele bairro. Nesta semana as obras j\u00e1 tiveram seu in\u00edcio.<br>Localizada pr\u00f3ximo \u00e0 Escola Municipal Adalice Rem\u00edgio e da Academia da Sa\u00fade, a nova pra\u00e7a levar\u00e1 mais beleza e entretenimento \u00e0quela comunidade.<\/p>\n\n\n\n<p>Com um investimento no valor de R$ 110.151,79 em recursos pr\u00f3prios, dentro de poucos dias a popula\u00e7\u00e3o ver\u00e1 tomar forma um dos pleitos atendidos pela prefeita Anna Lorena.<\/p>\n\n\n\n<p>\u201c\u00c9 com imensa alegria que come\u00e7amos esta obra, mesmo tendo consci\u00eancia sobre as dificuldades neste per\u00edodo de isolamento, sabemos que a popula\u00e7\u00e3o poder\u00e1 desfrutar de momentos de lazer e descontra\u00e7\u00e3o na t\u00e3o sonhada pra\u00e7a, o que embeleza e d\u00e1 outra vida a este bairro, que j\u00e1 conta com outros investimentos da administra\u00e7\u00e3o\u201d, comemora a prefeita Anna Lorena.<\/p>\n","protected":false},"excerpt":{"rendered":"<p>Durante as reuni\u00f5es e plen\u00e1rias realizadas pelo munic\u00edpio, antes da pandemia, a Prefeitura de Monteiro recebeu diversas solicita\u00e7\u00f5es sobre os investimentos nos bairros da cidade.&hellip; <\/p>\n","protected":false},"author":2,"featured_media":168429,"comment_status":"closed","ping_status":"closed","sticky":false,"template":"","format":"standard","meta":{"sfsi_plus_gutenberg_text_before_share":"","sfsi_plus_gutenberg_show_text_before_share":"","sfsi_plus_gutenberg_icon_type":"","sfsi_plus_gutenberg_icon_alignemt":"","sfsi_plus_gutenburg_max_per_row":"","footnotes":""},"categories":[6],"tags":[],"class_list":["post-171058","post","type-post","status-publish","format-standard","has-post-thumbnail","hentry","category-cidades"],"_links":{"self":[{"href":"https:\/\/www.caririemacao.com\/1\/wp-json\/wp\/v2\/posts\/171058","targetHints":{"allow":["GET"]}}],"collection":[{"href":"https:\/\/www.caririemacao.com\/1\/wp-json\/wp\/v2\/posts"}],"about":[{"href":"https:\/\/www.caririemacao.com\/1\/wp-json\/wp\/v2\/types\/post"}],"author":[{"embeddable":true,"href":"https:\/\/www.caririemacao.com\/1\/wp-json\/wp\/v2\/users\/2"}],"replies":[{"embeddable":true,"href":"https:\/\/www.caririemacao.com\/1\/wp-json\/wp\/v2\/comments?post=171058"}],"version-history":[{"count":1,"href":"https:\/\/www.caririemacao.com\/1\/wp-json\/wp\/v2\/posts\/171058\/revisions"}],"predecessor-version":[{"id":171059,"href":"https:\/\/www.caririemacao.com\/1\/wp-json\/wp\/v2\/posts\/171058\/revisions\/171059"}],"wp:featuredmedia":[{"embeddable":true,"href":"https:\/\/www.caririemacao.com\/1\/wp-json\/wp\/v2\/media\/168429"}],"wp:attachment":[{"href":"https:\/\/www.caririemacao.com\/1\/wp-json\/wp\/v2\/media?parent=171058"}],"wp:term":[{"taxonomy":"category","embeddable":true,"href":"https:\/\/www.caririemacao.com\/1\/wp-json\/wp\/v2\/categories?post=171058"},{"taxonomy":"post_tag","embeddable":true,"href":"https:\/\/www.caririemacao.com\/1\/wp-json\/wp\/v2\/tags?post=171058"}],"curies":[{"name":"wp","href":"https:\/\/api.w.org\/{rel}","templated":true}]}}