{"id":171066,"date":"2020-05-23T06:30:36","date_gmt":"2020-05-23T09:30:36","guid":{"rendered":"https:\/\/www.caririemacao.com\/1\/?p=171066"},"modified":"2020-05-23T06:30:36","modified_gmt":"2020-05-23T09:30:36","slug":"paulo-guedes-sobre-o-banco-do-brasil-tem-que-vender-essa-porra-logo","status":"publish","type":"post","link":"https:\/\/www.caririemacao.com\/1\/2020\/05\/23\/paulo-guedes-sobre-o-banco-do-brasil-tem-que-vender-essa-porra-logo\/","title":{"rendered":"Paulo Guedes sobre o Banco do Brasil: \u201cTem que vender essa porra logo\u201d"},"content":{"rendered":"\n<p>Em reuni\u00e3o ministerial, o ministro Paulo Guedes (Economia) defendeu que o governo privatize o Banco do Brasil, institui\u00e7\u00e3o que julgou estar pronta para ser vendida para a iniciativa privada.<\/p>\n\n\n\n<p>A defesa sofreu resist\u00eancia por parte do presidente Jair Bolsonaro (sem partido), que defendeu que s\u00f3 se fale em venda da institui\u00e7\u00e3o ap\u00f3s 2023, ou seja, depois das pr\u00f3ximas elei\u00e7\u00f5es presidenciais.<\/p>\n\n\n\n<p>\u201c\u00c9 um caso pronto e a gente n\u00e3o t\u00e1 dando esse passo. Senhor j\u00e1 notou que o BNDES e a Caixa que s\u00e3o nossos, p\u00fablicos, a gente faz o que a gente quer. Banco do Brasil a gente n\u00e3o consegue fazer nada e tem um liberal l\u00e1. Ent\u00e3o tem que vender essa porra logo\u201d, afirmou Guedes em reuni\u00e3o ministerial do dia 22 de abril.<\/p>\n\n\n\n<p>A fala consta em v\u00eddeo gravado pelo Pal\u00e1cio do Planalto e tornado p\u00fablico nesta sexta-feira (22).<\/p>\n\n\n\n<p>O ministro Celso de Mello, do STF (Supremo Tribunal Federal), decidiu tornar p\u00fablica a \u00edntegra do v\u00eddeo da reuni\u00e3o ministerial citada pelo ex-ministro Sergio Moro em depoimento \u00e0 Pol\u00edcia Federal como um ind\u00edcio de que o presidente Jair Bolsonaro desejava interferir na autonomia da Pol\u00edcia Federal.<\/p>\n\n\n\n<p>O assunto sobre a privatiza\u00e7\u00e3o do banco ocorreu ao fim da reuni\u00e3o. Bolsonaro questionou Rubem Novaes, presidente da institui\u00e7\u00e3o, se ele n\u00e3o teria nada para falar.<\/p>\n\n\n\n<p>Guedes tomou a palavra e aproveitou para defender a privatiza\u00e7\u00e3o do BB.<\/p>\n\n\n\n<p>\u201cO Banco do Brasil n\u00e3o \u00e9 tatu nem cobra. Porque ele n\u00e3o \u00e9 privado, nem p\u00fablico. Ent\u00e3o se for apertar o Rubem, coitado. Ele \u00e9 super liberal, mas se apertar ele e falar: \u2018bota o juro baixo\u2019, ele: \u2018n\u00e3o posso, sen\u00e3o a turma, os privados, meus minorit\u00e1rios, me apertam.\u2019. A\u00ed se falar assim: \u2018bota o juro alto\u2019, ele: \u2018n\u00e3o posso, porque sen\u00e3o o governo me aperta.\u2019. O Banco do Brasil \u00e9 um caso pronto de privatiza\u00e7\u00e3o\u201d, defendeu o ministro.<\/p>\n\n\n\n<p>Ao longo da conversa, Novaes fala sobre a import\u00e2ncia da institui\u00e7\u00e3o na agriculta, mas depois \u00e9 estimulado pelo chefe da equipe econ\u00f4mica a defender a privatiza\u00e7\u00e3o do banco.<br>Guedes pede que o presidente do BB \u201cconfesse seu sonho\u201d sobre o tema.<\/p>\n\n\n\n<p>Bolsonaro, reticente \u00e0 agenda privatista, interrompe e diz: \u201cFaz assim: s\u00f3 em 2023 c\u00ea confessa, agora n\u00e3o\u201d, diz, insinuando que esse assunto s\u00f3 seja tocado ap\u00f3s as pr\u00f3ximas elei\u00e7\u00f5es presidenciais, de 2022, nas quais o presidente tem pretens\u00f5es de se recandidatar.<\/p>\n\n\n\n<p>\u201cEm rela\u00e7\u00e3o (risos) \u00e0 privatiza\u00e7\u00e3o, eu acho que fica claro que com o BNDES cuidando do desenvolvimento e com a Caixa cuidando do financiamento da \u00e1rea social, o Banco do Brasil estaria pronto para um programa de privatiza\u00e7\u00e3o, n\u00e9?\u201d, afirma Novaes.<\/p>\n\n\n\n<p>Bolsonaro ent\u00e3o insiste que esse tema seja tratado apenas ap\u00f3s as elei\u00e7\u00f5es de 2022.<\/p>\n\n\n\n<p>\u201cIsso a\u00ed s\u00f3 se discute, s\u00f3 se fala isso em 2023, t\u00e1?\u201d, afirmou.<\/p>\n\n\n\n<p>Novaes se queixa de que hoje a institui\u00e7\u00e3o tem pagado muito caro por antigos privil\u00e9gios, como prioridade em folhas de pagamento, mas diz que atualmente n\u00e3o se trata mais de privil\u00e9gio.<\/p>\n","protected":false},"excerpt":{"rendered":"<p>Em reuni\u00e3o ministerial, o ministro Paulo Guedes (Economia) defendeu que o governo privatize o Banco do Brasil, institui\u00e7\u00e3o que julgou estar pronta para ser vendida&hellip; <\/p>\n","protected":false},"author":2,"featured_media":165106,"comment_status":"closed","ping_status":"closed","sticky":false,"template":"","format":"standard","meta":{"sfsi_plus_gutenberg_text_before_share":"","sfsi_plus_gutenberg_show_text_before_share":"","sfsi_plus_gutenberg_icon_type":"","sfsi_plus_gutenberg_icon_alignemt":"","sfsi_plus_gutenburg_max_per_row":"","footnotes":""},"categories":[11],"tags":[],"class_list":["post-171066","post","type-post","status-publish","format-standard","has-post-thumbnail","hentry","category-politica"],"_links":{"self":[{"href":"https:\/\/www.caririemacao.com\/1\/wp-json\/wp\/v2\/posts\/171066","targetHints":{"allow":["GET"]}}],"collection":[{"href":"https:\/\/www.caririemacao.com\/1\/wp-json\/wp\/v2\/posts"}],"about":[{"href":"https:\/\/www.caririemacao.com\/1\/wp-json\/wp\/v2\/types\/post"}],"author":[{"embeddable":true,"href":"https:\/\/www.caririemacao.com\/1\/wp-json\/wp\/v2\/users\/2"}],"replies":[{"embeddable":true,"href":"https:\/\/www.caririemacao.com\/1\/wp-json\/wp\/v2\/comments?post=171066"}],"version-history":[{"count":1,"href":"https:\/\/www.caririemacao.com\/1\/wp-json\/wp\/v2\/posts\/171066\/revisions"}],"predecessor-version":[{"id":171067,"href":"https:\/\/www.caririemacao.com\/1\/wp-json\/wp\/v2\/posts\/171066\/revisions\/171067"}],"wp:featuredmedia":[{"embeddable":true,"href":"https:\/\/www.caririemacao.com\/1\/wp-json\/wp\/v2\/media\/165106"}],"wp:attachment":[{"href":"https:\/\/www.caririemacao.com\/1\/wp-json\/wp\/v2\/media?parent=171066"}],"wp:term":[{"taxonomy":"category","embeddable":true,"href":"https:\/\/www.caririemacao.com\/1\/wp-json\/wp\/v2\/categories?post=171066"},{"taxonomy":"post_tag","embeddable":true,"href":"https:\/\/www.caririemacao.com\/1\/wp-json\/wp\/v2\/tags?post=171066"}],"curies":[{"name":"wp","href":"https:\/\/api.w.org\/{rel}","templated":true}]}}