{"id":171069,"date":"2020-05-23T06:33:27","date_gmt":"2020-05-23T09:33:27","guid":{"rendered":"https:\/\/www.caririemacao.com\/1\/?p=171069"},"modified":"2020-05-23T06:33:27","modified_gmt":"2020-05-23T09:33:27","slug":"ministro-por-mim-colocava-esses-vagabundos-todos-na-cadeia-comecando-no-stf","status":"publish","type":"post","link":"https:\/\/www.caririemacao.com\/1\/2020\/05\/23\/ministro-por-mim-colocava-esses-vagabundos-todos-na-cadeia-comecando-no-stf\/","title":{"rendered":"Ministro: \u2018Por mim colocava esses vagabundos todos na cadeia, come\u00e7ando no STF\u2019"},"content":{"rendered":"\n<p>Na reuni\u00e3o ministerial do dia 22 de abril, o ministro da Educa\u00e7\u00e3o, Abraham Weintraub afirmou que, se dependesse dele, colocaria \u201cesses vagabundos todos na cadeia\u201d, come\u00e7ando no STF (Supremo Tribunal Federal).<\/p>\n\n\n\n<p>A fala consta em grava\u00e7\u00e3o tornada p\u00fablica nesta sexta-feira (22) por decis\u00e3o do ministro Celso de Mello, do Supremo, no \u00e2mbito do inqu\u00e9rito que investiga se Bolsonaro tentou interferir na Pol\u00edcia Federal.<\/p>\n\n\n\n<p>\u201cEu por mim colocava esses vagabundos todos na cadeia, come\u00e7ando no STF\u201d.<\/p>\n\n\n\n<p>Tamb\u00e9m naquela reuni\u00e3o, Weintraub defendeu \u201cacabar com essa porcaria que \u00e9 Bras\u00edlia\u201d. \u201c\u00c9 muito pior do que eu imaginava. as pessoas aqui perdem a percep\u00e7\u00e3o, empatia, a rela\u00e7\u00e3o com o povo\u201d, afirmou o ministro na ocasi\u00e3o.<\/p>\n\n\n\n<p>Weintraub tamb\u00e9m disse que odeia o termo \u201cpovos ind\u00edgenas\u201d. \u201cS\u00f3 tem um povo nesse Brasil, \u00e9 o povo brasileiro\u201d. Ele defendeu ainda \u201cacabar com esse neg\u00f3cio de povos e privil\u00e9gios\u201d.<\/p>\n","protected":false},"excerpt":{"rendered":"<p>Na reuni\u00e3o ministerial do dia 22 de abril, o ministro da Educa\u00e7\u00e3o, Abraham Weintraub afirmou que, se dependesse dele, colocaria \u201cesses vagabundos todos na cadeia\u201d,&hellip; <\/p>\n","protected":false},"author":2,"featured_media":171070,"comment_status":"closed","ping_status":"closed","sticky":false,"template":"","format":"standard","meta":{"sfsi_plus_gutenberg_text_before_share":"","sfsi_plus_gutenberg_show_text_before_share":"","sfsi_plus_gutenberg_icon_type":"","sfsi_plus_gutenberg_icon_alignemt":"","sfsi_plus_gutenburg_max_per_row":"","footnotes":""},"categories":[50,11],"tags":[],"class_list":["post-171069","post","type-post","status-publish","format-standard","has-post-thumbnail","hentry","category-destaque","category-politica"],"_links":{"self":[{"href":"https:\/\/www.caririemacao.com\/1\/wp-json\/wp\/v2\/posts\/171069","targetHints":{"allow":["GET"]}}],"collection":[{"href":"https:\/\/www.caririemacao.com\/1\/wp-json\/wp\/v2\/posts"}],"about":[{"href":"https:\/\/www.caririemacao.com\/1\/wp-json\/wp\/v2\/types\/post"}],"author":[{"embeddable":true,"href":"https:\/\/www.caririemacao.com\/1\/wp-json\/wp\/v2\/users\/2"}],"replies":[{"embeddable":true,"href":"https:\/\/www.caririemacao.com\/1\/wp-json\/wp\/v2\/comments?post=171069"}],"version-history":[{"count":1,"href":"https:\/\/www.caririemacao.com\/1\/wp-json\/wp\/v2\/posts\/171069\/revisions"}],"predecessor-version":[{"id":171071,"href":"https:\/\/www.caririemacao.com\/1\/wp-json\/wp\/v2\/posts\/171069\/revisions\/171071"}],"wp:featuredmedia":[{"embeddable":true,"href":"https:\/\/www.caririemacao.com\/1\/wp-json\/wp\/v2\/media\/171070"}],"wp:attachment":[{"href":"https:\/\/www.caririemacao.com\/1\/wp-json\/wp\/v2\/media?parent=171069"}],"wp:term":[{"taxonomy":"category","embeddable":true,"href":"https:\/\/www.caririemacao.com\/1\/wp-json\/wp\/v2\/categories?post=171069"},{"taxonomy":"post_tag","embeddable":true,"href":"https:\/\/www.caririemacao.com\/1\/wp-json\/wp\/v2\/tags?post=171069"}],"curies":[{"name":"wp","href":"https:\/\/api.w.org\/{rel}","templated":true}]}}