{"id":171073,"date":"2020-05-23T06:37:59","date_gmt":"2020-05-23T09:37:59","guid":{"rendered":"https:\/\/www.caririemacao.com\/1\/?p=171073"},"modified":"2020-05-23T06:37:59","modified_gmt":"2020-05-23T09:37:59","slug":"governo-prorroga-prazo-de-inscricao-do-enem-ate-dia-27","status":"publish","type":"post","link":"https:\/\/www.caririemacao.com\/1\/2020\/05\/23\/governo-prorroga-prazo-de-inscricao-do-enem-ate-dia-27\/","title":{"rendered":"Governo prorroga prazo de inscri\u00e7\u00e3o do Enem at\u00e9 dia 27"},"content":{"rendered":"\n<p>O ministro da Educa\u00e7\u00e3o, Abraham Weintraub, anunciou\u00a0a prorroga\u00e7\u00e3o do prazo de inscri\u00e7\u00e3o para o Exame Nacional do Ensino M\u00e9dio (Enem) 2020 para a pr\u00f3xima quarta-feira (27). Pelo calend\u00e1rio inicial, as data limite para os estudantes se inscreverem era hoje (22).<a href=\"https:\/\/twitter.com\/AbrahamWeint\/status\/1263868736769003520\"><\/a><\/p>\n\n\n\n<p>As inscri\u00e7\u00f5es come\u00e7aram no \u00faltimo dia 11 e podem ser feitas por meio da&nbsp;<a href=\"https:\/\/enem.inep.gov.br\/\" target=\"_blank\" rel=\"noreferrer noopener\">p\u00e1gina do Enem na internet<\/a>.<\/p>\n\n\n\n<p>De acordo com Weintraub, mais de cinco milh\u00f5es de estudantes j\u00e1 se inscreveram para a prova&nbsp;at\u00e9 a manh\u00e3&nbsp;desta&nbsp;sexta-feira (22). \u201cComo j\u00e1 anunciei, os candidatos inscritos ser\u00e3o ouvidos, em junho, pela P\u00e1gina do Participante, do Inep [Instituto Nacional de Estudos e Pesquisas Educacionais An\u00edsio Teixeira]. Eles, os interessados, v\u00e3o escolher quando fazer a prova\u201d, explicou o ministro, em outra publica\u00e7\u00e3o no Twitter.<\/p>\n\n\n\n<p>Na quarta-feira (20), o Minist\u00e9rio da Educa\u00e7\u00e3o\u00a0anunciou o adiamento\u00a0do Enem por algo entre 30 a 60 dias, em raz\u00e3o dos impactos ocasionados na sociedade pela\u00a0pandemia de covid-19. As provas impressas estavam previstas para serem aplicadas em 1\u00ba e\u00a08 de novembro\u00a0e as provas do Enem digital para os dias 22 e\u00a029 de novembro.<\/p>\n\n\n\n<p>A estrutura dos dois exames ser\u00e1 a mesma. Ser\u00e3o aplicadas quatro provas objetivas, constitu\u00eddas por 45 quest\u00f5es cada, e uma reda\u00e7\u00e3o em l\u00edngua portuguesa. A reda\u00e7\u00e3o ser\u00e1 manuscrita, em papel, nas duas modalidades. Durante o processo de inscri\u00e7\u00e3o, o participante dever\u00e1 selecionar uma op\u00e7\u00e3o de l\u00edngua estrangeira &#8211; ingl\u00eas ou espanhol.<\/p>\n\n\n\n<p>Neste ano, ser\u00e1 obrigat\u00f3ria a inclus\u00e3o de uma foto atual do participante no sistema de inscri\u00e7\u00e3o, que dever\u00e1 ser utilizada para procedimento de identifica\u00e7\u00e3o no momento da prova. O valor da taxa de inscri\u00e7\u00e3o \u00e9 de R$ 85 e dever\u00e1 ser pago at\u00e9&nbsp;28 de maio.<\/p>\n\n\n\n<p>Quem tem direito \u00e0 gratuidade da taxa de inscri\u00e7\u00e3o, por se enquadrar nos perfis previstos nos editais do Enem,&nbsp;ter\u00e1 a isen\u00e7\u00e3o autom\u00e1tica, a partir da an\u00e1lise dos dados declarados no sistema. A regra se aplica, inclusive, aos isentos em 2019 que faltaram aos dois dias de prova e n\u00e3o tenham justificado aus\u00eancia. De acordo com o Inep, a medida beneficia quem teve dificuldades em realizar a solicita\u00e7\u00e3o de isen\u00e7\u00e3o&nbsp;devido \u00e0s restri\u00e7\u00f5es impostas pelo isolamento social decretado em raz\u00e3o da pandemia de covid-19.<\/p>\n","protected":false},"excerpt":{"rendered":"<p>O ministro da Educa\u00e7\u00e3o, Abraham Weintraub, anunciou\u00a0a prorroga\u00e7\u00e3o do prazo de inscri\u00e7\u00e3o para o Exame Nacional do Ensino M\u00e9dio (Enem) 2020 para a pr\u00f3xima quarta-feira&hellip; <\/p>\n","protected":false},"author":2,"featured_media":170805,"comment_status":"closed","ping_status":"closed","sticky":false,"template":"","format":"standard","meta":{"sfsi_plus_gutenberg_text_before_share":"","sfsi_plus_gutenberg_show_text_before_share":"","sfsi_plus_gutenberg_icon_type":"","sfsi_plus_gutenberg_icon_alignemt":"","sfsi_plus_gutenburg_max_per_row":"","footnotes":""},"categories":[50,14],"tags":[],"class_list":["post-171073","post","type-post","status-publish","format-standard","has-post-thumbnail","hentry","category-destaque","category-educacao"],"_links":{"self":[{"href":"https:\/\/www.caririemacao.com\/1\/wp-json\/wp\/v2\/posts\/171073","targetHints":{"allow":["GET"]}}],"collection":[{"href":"https:\/\/www.caririemacao.com\/1\/wp-json\/wp\/v2\/posts"}],"about":[{"href":"https:\/\/www.caririemacao.com\/1\/wp-json\/wp\/v2\/types\/post"}],"author":[{"embeddable":true,"href":"https:\/\/www.caririemacao.com\/1\/wp-json\/wp\/v2\/users\/2"}],"replies":[{"embeddable":true,"href":"https:\/\/www.caririemacao.com\/1\/wp-json\/wp\/v2\/comments?post=171073"}],"version-history":[{"count":1,"href":"https:\/\/www.caririemacao.com\/1\/wp-json\/wp\/v2\/posts\/171073\/revisions"}],"predecessor-version":[{"id":171074,"href":"https:\/\/www.caririemacao.com\/1\/wp-json\/wp\/v2\/posts\/171073\/revisions\/171074"}],"wp:featuredmedia":[{"embeddable":true,"href":"https:\/\/www.caririemacao.com\/1\/wp-json\/wp\/v2\/media\/170805"}],"wp:attachment":[{"href":"https:\/\/www.caririemacao.com\/1\/wp-json\/wp\/v2\/media?parent=171073"}],"wp:term":[{"taxonomy":"category","embeddable":true,"href":"https:\/\/www.caririemacao.com\/1\/wp-json\/wp\/v2\/categories?post=171073"},{"taxonomy":"post_tag","embeddable":true,"href":"https:\/\/www.caririemacao.com\/1\/wp-json\/wp\/v2\/tags?post=171073"}],"curies":[{"name":"wp","href":"https:\/\/api.w.org\/{rel}","templated":true}]}}