{"id":171076,"date":"2020-05-23T06:40:32","date_gmt":"2020-05-23T09:40:32","guid":{"rendered":"https:\/\/www.caririemacao.com\/1\/?p=171076"},"modified":"2020-05-23T06:40:32","modified_gmt":"2020-05-23T09:40:32","slug":"video-da-reuniao-bolsonaro-xinga-prefeitos-pede-armamento-da-populacao-e-diz-eu-nao-vou-esperar-fer-minha-familia","status":"publish","type":"post","link":"https:\/\/www.caririemacao.com\/1\/2020\/05\/23\/video-da-reuniao-bolsonaro-xinga-prefeitos-pede-armamento-da-populacao-e-diz-eu-nao-vou-esperar-fer-minha-familia\/","title":{"rendered":"V\u00eddeo da reuni\u00e3o: Bolsonaro xinga prefeitos, pede armamento da popula\u00e7\u00e3o e diz: &#8220;eu n\u00e3o vou esperar f**er minha fam\u00edlia&#8221;"},"content":{"rendered":"\n<p>Com a divulga\u00e7\u00e3o do v\u00eddeo da reuni\u00e3o ministerial com Jair Bolsonaro, autorizada nesta sexta-feira (22) pelo ministro Celso de Mello, do Supremo Tribunal Federal, falas do presidente vieram \u00e0 tona. Uma delas \u00e9 a de que Bolsonaro chama prefeitos de &#8220;b*sta&#8221;, ao criticar os gestores que intensificam o isolamento social nos munic\u00edpios brasileiros no combate ao novo coronav\u00edrus.<\/p>\n\n\n\n<p>Bolsonaro disse que vai andar por todo o Brasil fazendo valer seu direito de ir e vir e criticou&nbsp;os prefeitos. &#8220;Um b*sta de um prefeito faz um b*sta de um decreto, algema e deixa todo mundo em casa.&#8221;<\/p>\n\n\n\n<p>O presidente falou das cobran\u00e7as que sofre por causa do isolamento social na pandemia da Covid-19. &#8220;Eu t\u00f4 me lixando com a reelei\u00e7\u00e3o. Eu quero mais \u00e9 que algu\u00e9m seja eleito. Eu quero paz no Brasil. Mais nada. Porque se for a esquerda, eu e uma porrada de voc\u00eas aqui&nbsp;<em>tem<\/em>&nbsp;que sair do Brasil&nbsp;porque vamos ser presos. E eu tenho certeza que v\u00e3o me condenar oito anos por homofobia.&#8221;<\/p>\n\n\n\n<p>Ele falou tamb\u00e9m do que considera persegui\u00e7\u00e3o com sua fam\u00edlia para atingi-lo e falou da troca de Ministro da Justi\u00e7a se fosse necess\u00e1rio. &#8220;\u00c9 p***ria o tempo todo para me atingir atrav\u00e9s da minha fam\u00edlia. Eu n\u00e3o vou esperar f**er minha fam\u00edlia toda ou amigos meus porque eu n\u00e3o posso trocar algu\u00e9m da Seguran\u00e7a na ponta da linha. Vai trocar. Se n\u00e3o puder trocar o chefe, troca o ministro.&#8221;<\/p>\n\n\n\n<p>Bolsonaro avisou que os membros do Governo Federal que n\u00e3o aceitam suas bandeiras, que aguardem por um novo eleito em 2022. &#8220;Quem n\u00e3o aceitar as minhas bandeiras: fam\u00edlia, Deus, armamento, livre mercado, espere para 2022, ent\u00e3o espere o \u00c1lvaro Dias, o Alckmin, o Haddad, ou talvez o Lula.&#8221;<\/p>\n\n\n\n<p>Bolsonaro falou que, nesse sentido de suas bandeiras, ele esperava n\u00e3o precisa mais substituir integrantes da gest\u00e3o. &#8220;Espero n\u00e3o trocar mais ningu\u00e9m. Espero.&#8221; Ele cobrou do ent\u00e3o ministro S\u00e9rgio Moro para dar andamento \u00e0 amplia\u00e7\u00e3o da libera\u00e7\u00e3o de armamento \u00e0 popula\u00e7\u00e3o.<\/p>\n\n\n\n<p>O presidente tamb\u00e9m criticou e questionou a carreira do prefeito de Manaus: &#8220;Est\u00e1 o b*sta do prefeito l\u00e1 de Manaus agora abrindo cova coletiva. Um b*sta. Procura conhecer a hist\u00f3ria dele, que eu conheci aqui do meu lado (no Congresso). N\u00f3s sabemos a ideologia dele e o que ele prega.&#8221;<\/p>\n\n\n\n<p>Bolsonaro falou de forma enf\u00e1tica: &#8220;Os caras querem nossa hemorroida&#8221;, ao falar aos ministros da reuni\u00e3o sobre as cobran\u00e7as pol\u00edticas. O presidente cobrou dos ministros mais exposi\u00e7\u00e3o e milit\u00e2ncia pelas causas defendidas por ele.<\/p>\n\n\n\n<figure><iframe width=\"796\" height=\"441\" data-src=\"https:\/\/www.youtube.com\/embed\/36bpbY4WpgM\" allowfullscreen=\"\" src=\"data:image\/svg+xml;base64,PHN2ZyB3aWR0aD0iMSIgaGVpZ2h0PSIxIiB4bWxucz0iaHR0cDovL3d3dy53My5vcmcvMjAwMC9zdmciPjwvc3ZnPg==\" class=\"lazyload\" data-load-mode=\"1\"><\/iframe><\/figure>\n\n\n\n<figure><iframe width=\"797\" height=\"441\" data-src=\"https:\/\/www.youtube.com\/embed\/-zSVjs6Jp_A\" allowfullscreen=\"\" src=\"data:image\/svg+xml;base64,PHN2ZyB3aWR0aD0iMSIgaGVpZ2h0PSIxIiB4bWxucz0iaHR0cDovL3d3dy53My5vcmcvMjAwMC9zdmciPjwvc3ZnPg==\" class=\"lazyload\" data-load-mode=\"1\"><\/iframe><\/figure>\n\n\n\n<figure><iframe width=\"853\" height=\"480\" data-src=\"https:\/\/www.youtube.com\/embed\/skfTvtsJm1g\" allowfullscreen=\"\" src=\"data:image\/svg+xml;base64,PHN2ZyB3aWR0aD0iMSIgaGVpZ2h0PSIxIiB4bWxucz0iaHR0cDovL3d3dy53My5vcmcvMjAwMC9zdmciPjwvc3ZnPg==\" class=\"lazyload\" data-load-mode=\"1\"><\/iframe><\/figure>\n\n\n\n<figure><iframe width=\"853\" height=\"480\" data-src=\"https:\/\/www.youtube.com\/embed\/SF3S7y-ji2o\" allowfullscreen=\"\" src=\"data:image\/svg+xml;base64,PHN2ZyB3aWR0aD0iMSIgaGVpZ2h0PSIxIiB4bWxucz0iaHR0cDovL3d3dy53My5vcmcvMjAwMC9zdmciPjwvc3ZnPg==\" class=\"lazyload\" data-load-mode=\"1\"><\/iframe><\/figure>\n","protected":false},"excerpt":{"rendered":"<p>Com a divulga\u00e7\u00e3o do v\u00eddeo da reuni\u00e3o ministerial com Jair Bolsonaro, autorizada nesta sexta-feira (22) pelo ministro Celso de Mello, do Supremo Tribunal Federal, falas&hellip; <\/p>\n","protected":false},"author":2,"featured_media":169317,"comment_status":"closed","ping_status":"closed","sticky":false,"template":"","format":"standard","meta":{"sfsi_plus_gutenberg_text_before_share":"","sfsi_plus_gutenberg_show_text_before_share":"","sfsi_plus_gutenberg_icon_type":"","sfsi_plus_gutenberg_icon_alignemt":"","sfsi_plus_gutenburg_max_per_row":"","footnotes":""},"categories":[11],"tags":[],"class_list":["post-171076","post","type-post","status-publish","format-standard","has-post-thumbnail","hentry","category-politica"],"_links":{"self":[{"href":"https:\/\/www.caririemacao.com\/1\/wp-json\/wp\/v2\/posts\/171076","targetHints":{"allow":["GET"]}}],"collection":[{"href":"https:\/\/www.caririemacao.com\/1\/wp-json\/wp\/v2\/posts"}],"about":[{"href":"https:\/\/www.caririemacao.com\/1\/wp-json\/wp\/v2\/types\/post"}],"author":[{"embeddable":true,"href":"https:\/\/www.caririemacao.com\/1\/wp-json\/wp\/v2\/users\/2"}],"replies":[{"embeddable":true,"href":"https:\/\/www.caririemacao.com\/1\/wp-json\/wp\/v2\/comments?post=171076"}],"version-history":[{"count":1,"href":"https:\/\/www.caririemacao.com\/1\/wp-json\/wp\/v2\/posts\/171076\/revisions"}],"predecessor-version":[{"id":171077,"href":"https:\/\/www.caririemacao.com\/1\/wp-json\/wp\/v2\/posts\/171076\/revisions\/171077"}],"wp:featuredmedia":[{"embeddable":true,"href":"https:\/\/www.caririemacao.com\/1\/wp-json\/wp\/v2\/media\/169317"}],"wp:attachment":[{"href":"https:\/\/www.caririemacao.com\/1\/wp-json\/wp\/v2\/media?parent=171076"}],"wp:term":[{"taxonomy":"category","embeddable":true,"href":"https:\/\/www.caririemacao.com\/1\/wp-json\/wp\/v2\/categories?post=171076"},{"taxonomy":"post_tag","embeddable":true,"href":"https:\/\/www.caririemacao.com\/1\/wp-json\/wp\/v2\/tags?post=171076"}],"curies":[{"name":"wp","href":"https:\/\/api.w.org\/{rel}","templated":true}]}}