{"id":171079,"date":"2020-05-23T06:47:36","date_gmt":"2020-05-23T09:47:36","guid":{"rendered":"https:\/\/www.caririemacao.com\/1\/?p=171079"},"modified":"2020-05-23T06:47:36","modified_gmt":"2020-05-23T09:47:36","slug":"bolsonaro-confirma-estender-auxilio-emergencial-mas-com-valor-abaixo-de-r-600","status":"publish","type":"post","link":"https:\/\/www.caririemacao.com\/1\/2020\/05\/23\/bolsonaro-confirma-estender-auxilio-emergencial-mas-com-valor-abaixo-de-r-600\/","title":{"rendered":"Bolsonaro confirma estender aux\u00edlio emergencial, mas com valor abaixo de R$ 600"},"content":{"rendered":"\n<p>O presidente Jair Bolsonaro (sem partido) afirmou nesta sexta-feira (22) que o governo vai estender o aux\u00edlio emergencial para informais, mas que o valor pago ser\u00e1 abaixo de R$ 600.<\/p>\n\n\n\n<p>Em entrevista \u00e0 r\u00e1dio Jovem Pan, o presidente disse que haver\u00e1 uma quarta parcela da ajuda e que talvez ocorra at\u00e9 mesmo um quinto pagamento.<\/p>\n\n\n\n<p>&#8220;Conversei com o Paulo Guedes [ministro da Economia] que vamos ter que dar uma amortecida nisso da\u00ed. Vai ter a quarta parcela, mas n\u00e3o de R$ 600. Eu n\u00e3o sei quanto vai ser, R$ 300, R$ 400; e talvez tenha a quinta [parcela]. Talvez seja R$ 200 ou R$ 300. At\u00e9 para ver se a economia pega&#8221;, disse.<\/p>\n\n\n\n<p>&#8220;N\u00e3o podemos jogar para o espa\u00e7o mais de R$ 110 bilh\u00f5es, que foram gastos dessa forma. Isso vai impactar nossa d\u00edvida, no Tesouro&#8221;, complementou.<\/p>\n\n\n\n<p>Em reuni\u00e3o com empres\u00e1rios na ter\u00e7a-feira (19), Guedes havia admitido a possibilidade de prorrogar o aux\u00edlio.<\/p>\n\n\n\n<p>Segundo Guedes, a extens\u00e3o poderia ocorrer por um ou dois meses, mas com um corte para R$ 200.<\/p>\n\n\n\n<p>O aux\u00edlio foi criado para durar apenas tr\u00eas meses, com valores concedidos em abril, maio e junho. Com a prorroga\u00e7\u00e3o por dois meses, permaneceria at\u00e9 agosto.<br>O discurso pela prorroga\u00e7\u00e3o representa uma mudan\u00e7a de posi\u00e7\u00e3o da equipe econ\u00f4mica, antes contr\u00e1ria \u00e0 extens\u00e3o da medida. Mesmo assim, a redu\u00e7\u00e3o do montante concedido \u00e9 defendida como fundamental.<\/p>\n\n\n\n<p>Guedes defende a redu\u00e7\u00e3o do valor por causa das limita\u00e7\u00f5es das contas p\u00fablicas. O ministro prop\u00f4s uma ajuda de R$ 200 no come\u00e7o da pandemia, mas o governo aceitou elevar o montante para R$ 600 ap\u00f3s press\u00f5es do Congresso.<\/p>\n","protected":false},"excerpt":{"rendered":"<p>O presidente Jair Bolsonaro (sem partido) afirmou nesta sexta-feira (22) que o governo vai estender o aux\u00edlio emergencial para informais, mas que o valor pago&hellip; <\/p>\n","protected":false},"author":2,"featured_media":166076,"comment_status":"closed","ping_status":"closed","sticky":false,"template":"","format":"standard","meta":{"sfsi_plus_gutenberg_text_before_share":"","sfsi_plus_gutenberg_show_text_before_share":"","sfsi_plus_gutenberg_icon_type":"","sfsi_plus_gutenberg_icon_alignemt":"","sfsi_plus_gutenburg_max_per_row":"","footnotes":""},"categories":[50,11],"tags":[],"class_list":["post-171079","post","type-post","status-publish","format-standard","has-post-thumbnail","hentry","category-destaque","category-politica"],"_links":{"self":[{"href":"https:\/\/www.caririemacao.com\/1\/wp-json\/wp\/v2\/posts\/171079","targetHints":{"allow":["GET"]}}],"collection":[{"href":"https:\/\/www.caririemacao.com\/1\/wp-json\/wp\/v2\/posts"}],"about":[{"href":"https:\/\/www.caririemacao.com\/1\/wp-json\/wp\/v2\/types\/post"}],"author":[{"embeddable":true,"href":"https:\/\/www.caririemacao.com\/1\/wp-json\/wp\/v2\/users\/2"}],"replies":[{"embeddable":true,"href":"https:\/\/www.caririemacao.com\/1\/wp-json\/wp\/v2\/comments?post=171079"}],"version-history":[{"count":1,"href":"https:\/\/www.caririemacao.com\/1\/wp-json\/wp\/v2\/posts\/171079\/revisions"}],"predecessor-version":[{"id":171080,"href":"https:\/\/www.caririemacao.com\/1\/wp-json\/wp\/v2\/posts\/171079\/revisions\/171080"}],"wp:featuredmedia":[{"embeddable":true,"href":"https:\/\/www.caririemacao.com\/1\/wp-json\/wp\/v2\/media\/166076"}],"wp:attachment":[{"href":"https:\/\/www.caririemacao.com\/1\/wp-json\/wp\/v2\/media?parent=171079"}],"wp:term":[{"taxonomy":"category","embeddable":true,"href":"https:\/\/www.caririemacao.com\/1\/wp-json\/wp\/v2\/categories?post=171079"},{"taxonomy":"post_tag","embeddable":true,"href":"https:\/\/www.caririemacao.com\/1\/wp-json\/wp\/v2\/tags?post=171079"}],"curies":[{"name":"wp","href":"https:\/\/api.w.org\/{rel}","templated":true}]}}