{"id":171082,"date":"2020-05-23T06:49:43","date_gmt":"2020-05-23T09:49:43","guid":{"rendered":"https:\/\/www.caririemacao.com\/1\/?p=171082"},"modified":"2020-05-23T06:49:43","modified_gmt":"2020-05-23T09:49:43","slug":"secretario-executivo-alerta-prevencao-de-possivel-pico-e-atraves-do-isolamento","status":"publish","type":"post","link":"https:\/\/www.caririemacao.com\/1\/2020\/05\/23\/secretario-executivo-alerta-prevencao-de-possivel-pico-e-atraves-do-isolamento\/","title":{"rendered":"Secret\u00e1rio Executivo alerta: Preven\u00e7\u00e3o de poss\u00edvel pico \u00e9 atrav\u00e9s do isolamento"},"content":{"rendered":"\n<p>O secret\u00e1rio Executivo de Sa\u00fade da Para\u00edba, Daniel Beltrammi, falou que a \u00fanica forma de se impedir que o v\u00edrus fique circulando excessivamente, \u00e9 atrav\u00e9s do isolamento social.<\/p>\n\n\n\n<p>\u2013 A semana que passou deve ficar entre 42% e 44% mais uma vez e, todas as vezes que mantenho essa taxa de isolamento, estou colocando gasolina no tanque do coronav\u00edrus. Isso significa que a curva de casos pode ficar mais alta e ela vai andando para frente e, como ela n\u00e3o para, a cada semana ruim ela tem uma sobrevida de mais quinze dias para frente fica muito dif\u00edcil estimar a respeito de quando haver\u00e1 o pico de cont\u00e1gio \u2013 disse.<\/p>\n\n\n\n<p>Com rela\u00e7\u00e3o ao n\u00famero de ocupa\u00e7\u00e3o de leitos de UTI no estado, que na data de hoje est\u00e1 em 74%, Beltrammi disse que esta \u00e9 proporcional ao n\u00famero de pessoas infectadas e que ficam doentes ao mesmo tempo.<\/p>\n\n\n\n<p>\u2013 Como esse n\u00famero cresce e fica muito grande, aqueles 15% a 20% de pessoas que v\u00e3o sair de hospital, acabam acontecendo num tempo muito curto e, do mesmo jeito que podemos ficar cansados para respirar por causa do coronav\u00edrus, o sistema de sa\u00fade tamb\u00e9m entra num cansa\u00e7o numa exaust\u00e3o, onde os n\u00fameros de leitos dispon\u00edveis naquele momento acaba n\u00e3o sendo suficiente. Agora estamos num momento de maior press\u00e3o para o sistema de sa\u00fade das Regi\u00f5es Metropolitanas de Jo\u00e3o Pessoa e tamb\u00e9m Campina Grande, que caminham para uma necessidade de cuidados especiais para o coronav\u00edrus \u2013 ressaltou.<\/p>\n\n\n\n<p>*Com informa\u00e7\u00f5es da TV Cabo Branco<\/p>\n","protected":false},"excerpt":{"rendered":"<p>O secret\u00e1rio Executivo de Sa\u00fade da Para\u00edba, Daniel Beltrammi, falou que a \u00fanica forma de se impedir que o v\u00edrus fique circulando excessivamente, \u00e9 atrav\u00e9s&hellip; <\/p>\n","protected":false},"author":2,"featured_media":171083,"comment_status":"closed","ping_status":"closed","sticky":false,"template":"","format":"standard","meta":{"sfsi_plus_gutenberg_text_before_share":"","sfsi_plus_gutenberg_show_text_before_share":"","sfsi_plus_gutenberg_icon_type":"","sfsi_plus_gutenberg_icon_alignemt":"","sfsi_plus_gutenburg_max_per_row":"","footnotes":""},"categories":[2],"tags":[],"class_list":["post-171082","post","type-post","status-publish","format-standard","has-post-thumbnail","hentry","category-geral"],"_links":{"self":[{"href":"https:\/\/www.caririemacao.com\/1\/wp-json\/wp\/v2\/posts\/171082","targetHints":{"allow":["GET"]}}],"collection":[{"href":"https:\/\/www.caririemacao.com\/1\/wp-json\/wp\/v2\/posts"}],"about":[{"href":"https:\/\/www.caririemacao.com\/1\/wp-json\/wp\/v2\/types\/post"}],"author":[{"embeddable":true,"href":"https:\/\/www.caririemacao.com\/1\/wp-json\/wp\/v2\/users\/2"}],"replies":[{"embeddable":true,"href":"https:\/\/www.caririemacao.com\/1\/wp-json\/wp\/v2\/comments?post=171082"}],"version-history":[{"count":1,"href":"https:\/\/www.caririemacao.com\/1\/wp-json\/wp\/v2\/posts\/171082\/revisions"}],"predecessor-version":[{"id":171084,"href":"https:\/\/www.caririemacao.com\/1\/wp-json\/wp\/v2\/posts\/171082\/revisions\/171084"}],"wp:featuredmedia":[{"embeddable":true,"href":"https:\/\/www.caririemacao.com\/1\/wp-json\/wp\/v2\/media\/171083"}],"wp:attachment":[{"href":"https:\/\/www.caririemacao.com\/1\/wp-json\/wp\/v2\/media?parent=171082"}],"wp:term":[{"taxonomy":"category","embeddable":true,"href":"https:\/\/www.caririemacao.com\/1\/wp-json\/wp\/v2\/categories?post=171082"},{"taxonomy":"post_tag","embeddable":true,"href":"https:\/\/www.caririemacao.com\/1\/wp-json\/wp\/v2\/tags?post=171082"}],"curies":[{"name":"wp","href":"https:\/\/api.w.org\/{rel}","templated":true}]}}