{"id":171086,"date":"2020-05-23T06:55:36","date_gmt":"2020-05-23T09:55:36","guid":{"rendered":"https:\/\/www.caririemacao.com\/1\/?p=171086"},"modified":"2020-05-23T06:55:36","modified_gmt":"2020-05-23T09:55:36","slug":"jo-deixa-o-japao-volta-ao-brasil-e-se-aproxima-do-corinthians","status":"publish","type":"post","link":"https:\/\/www.caririemacao.com\/1\/2020\/05\/23\/jo-deixa-o-japao-volta-ao-brasil-e-se-aproxima-do-corinthians\/","title":{"rendered":"J\u00f4 deixa o Jap\u00e3o, volta ao Brasil e se aproxima do Corinthians"},"content":{"rendered":"\n<p>O&nbsp;<strong>atacante J\u00f4<\/strong>&nbsp;est\u00e1 mais perto do&nbsp;<strong>Corinthians<\/strong>&nbsp;\u2013 pelo menos geograficamente. Ap\u00f3s&nbsp;acertar a rescis\u00e3o de contrato com o Nagoya Grampus, do Jap\u00e3o, ele viajou ao Brasil e desde a \u00faltima quarta-feira (20) est\u00e1 em quarentena com a fam\u00edlia no Rio de Janeiro.<\/p>\n\n\n\n<p>Os passos de J\u00f4 s\u00e3o acompanhados de perto pelo presidente corintiano, Andr\u00e9s Sanchez. O dirigente tem feito \u201cmarca\u00e7\u00e3o cerrada\u201d no atacante e praticamente todos os dias fala com ele na tentativa de convenc\u00ea-lo a voltar para o Tim\u00e3o, que aprova a ideia, por\u00e9m tem outros mercados mais atraentes querendo fechar neg\u00f3cio.<\/p>\n\n\n\n<p>Embora sempre reforce o carinho que tem pelo Corinthians, clube no qual foi revelado, J\u00f4 n\u00e3o garante o retorno. Aos 33 anos, ele v\u00ea com bons olhos uma poss\u00edvel transfer\u00eancia para os Emirados \u00c1rabes Unidos, onde atuou de 2015 a 2016 pelo Al-Shabab, de Dubai.<\/p>\n\n\n\n<p>Os empres\u00e1rios do atleta est\u00e3o no mercado em busca de oportunidades para ele. Como o futebol brasileiro segue sem previs\u00e3o de rein\u00edcio, o atacante n\u00e3o tem pressa para definir o futuro.<\/p>\n\n\n\n<p>Embora j\u00e1 haja um acordo verbal entre J\u00f4 e o Nagoya Grampus, ainda faltam detalhes burocr\u00e1ticos para a assinatura da rescis\u00e3o contratual. Por\u00e9m, a volta do atacante ao Brasil enquanto a equipe retoma os treinamentos no Jap\u00e3o refor\u00e7a: ele n\u00e3o joga mais pelo clube.<\/p>\n\n\n\n<p>O Corinthians confia na rela\u00e7\u00e3o afetiva com J\u00f4 para garantir a terceira passagem dele pelo clube. Andr\u00e9s Sanchez j\u00e1 ouviu do jogador que, no Brasil, a prioridade \u00e9 do Corinthians. Al\u00e9m disso, o empres\u00e1rio do atacante, Giuliano Bertolucci, tem \u00f3timo tr\u00e2nsito na diretoria alvinegra.<\/p>\n\n\n\n<p>Formado nas categorias de base do Tim\u00e3o, J\u00f4 ficou at\u00e9 2005 na equipe, sendo campe\u00e3o paulista em 2003 e brasileiro em 2005. Em 2017, ele voltou e tamb\u00e9m foi campe\u00e3o dos dois torneios.<\/p>\n\n\n\n<p>J\u00f4 foi contratado pelo Nagoya Grampus em 2017 por 10 milh\u00f5es de d\u00f3lares e teve bom in\u00edcio pelo clube, sendo artilheiro do Campeonato Japon\u00eas em 2018, com 24 gols. No fim do ano passado, ele perdeu espa\u00e7o na equipe, com a chegada do t\u00e9cnico Massimo Ficcadenti.<\/p>\n","protected":false},"excerpt":{"rendered":"<p>O&nbsp;atacante J\u00f4&nbsp;est\u00e1 mais perto do&nbsp;Corinthians&nbsp;\u2013 pelo menos geograficamente. Ap\u00f3s&nbsp;acertar a rescis\u00e3o de contrato com o Nagoya Grampus, do Jap\u00e3o, ele viajou ao Brasil e desde&hellip; <\/p>\n","protected":false},"author":2,"featured_media":171087,"comment_status":"closed","ping_status":"closed","sticky":false,"template":"","format":"standard","meta":{"sfsi_plus_gutenberg_text_before_share":"","sfsi_plus_gutenberg_show_text_before_share":"","sfsi_plus_gutenberg_icon_type":"","sfsi_plus_gutenberg_icon_alignemt":"","sfsi_plus_gutenburg_max_per_row":"","footnotes":""},"categories":[13],"tags":[],"class_list":["post-171086","post","type-post","status-publish","format-standard","has-post-thumbnail","hentry","category-esportes"],"_links":{"self":[{"href":"https:\/\/www.caririemacao.com\/1\/wp-json\/wp\/v2\/posts\/171086","targetHints":{"allow":["GET"]}}],"collection":[{"href":"https:\/\/www.caririemacao.com\/1\/wp-json\/wp\/v2\/posts"}],"about":[{"href":"https:\/\/www.caririemacao.com\/1\/wp-json\/wp\/v2\/types\/post"}],"author":[{"embeddable":true,"href":"https:\/\/www.caririemacao.com\/1\/wp-json\/wp\/v2\/users\/2"}],"replies":[{"embeddable":true,"href":"https:\/\/www.caririemacao.com\/1\/wp-json\/wp\/v2\/comments?post=171086"}],"version-history":[{"count":1,"href":"https:\/\/www.caririemacao.com\/1\/wp-json\/wp\/v2\/posts\/171086\/revisions"}],"predecessor-version":[{"id":171088,"href":"https:\/\/www.caririemacao.com\/1\/wp-json\/wp\/v2\/posts\/171086\/revisions\/171088"}],"wp:featuredmedia":[{"embeddable":true,"href":"https:\/\/www.caririemacao.com\/1\/wp-json\/wp\/v2\/media\/171087"}],"wp:attachment":[{"href":"https:\/\/www.caririemacao.com\/1\/wp-json\/wp\/v2\/media?parent=171086"}],"wp:term":[{"taxonomy":"category","embeddable":true,"href":"https:\/\/www.caririemacao.com\/1\/wp-json\/wp\/v2\/categories?post=171086"},{"taxonomy":"post_tag","embeddable":true,"href":"https:\/\/www.caririemacao.com\/1\/wp-json\/wp\/v2\/tags?post=171086"}],"curies":[{"name":"wp","href":"https:\/\/api.w.org\/{rel}","templated":true}]}}