{"id":171090,"date":"2020-05-23T07:00:04","date_gmt":"2020-05-23T10:00:04","guid":{"rendered":"https:\/\/www.caririemacao.com\/1\/?p=171090"},"modified":"2020-05-23T07:00:04","modified_gmt":"2020-05-23T10:00:04","slug":"eleicoes-municipais-podem-ser-divididas-em-dois-dias-para-reduzir-exposicao-dos-eleitores-ao-covid-19-diz-ministro","status":"publish","type":"post","link":"https:\/\/www.caririemacao.com\/1\/2020\/05\/23\/eleicoes-municipais-podem-ser-divididas-em-dois-dias-para-reduzir-exposicao-dos-eleitores-ao-covid-19-diz-ministro\/","title":{"rendered":"Elei\u00e7\u00f5es municipais podem ser divididas em dois dias para reduzir exposi\u00e7\u00e3o dos eleitores ao covid-19, diz ministro"},"content":{"rendered":"\n<h1 class=\"wp-block-heading\">Elei\u00e7\u00f5es municipais podem ser divididas em dois dias para reduzir exposi\u00e7\u00e3o dos eleitores ao covid-19, diz ministro<\/h1>\n\n\n\n<p>Para reduzir aglomera\u00e7\u00f5es e a exposi\u00e7\u00e3o de eleitores ao novo coronav\u00edrus, uma das hip\u00f3teses em discuss\u00e3o \u00e9 que as elei\u00e7\u00f5es municipais deste ano tenham dois dias de vota\u00e7\u00e3o, disse, em Bras\u00edlia, o ministro Lu\u00eds Roberto Barroso, que assume a presid\u00eancia do Tribunal Superior Eleitoral (TSE) na pr\u00f3xima semana.<\/p>\n\n\n\n<p>Para isso, seria preciso um gasto adicional de R$ 180 milh\u00f5es, que \u00e9 o custo estimado pelo TSE de um dia adicional de elei\u00e7\u00e3o. Diante do quadro de crise fiscal, por\u00e9m, outra possibilidade seria expandir o hor\u00e1rio de vota\u00e7\u00e3o, para que dure 12 horas, o que teria um custo menor.<\/p>\n\n\n\n<p>\u201cEm vez de irmos at\u00e9 as 17h, irmos talvez at\u00e9 as 20h, e come\u00e7ar \u00e0s 8h. Portanto, ir\u00edamos de 8h \u00e0s 20h, 12 horas de vota\u00e7\u00e3o. Esta \u00e9 uma ideia, \u00e9 uma possibilidade. Essa n\u00e3o depende de lei, podemos n\u00f3s mesmos regulamentar no TSE\u201d, disse o ministro, durante uma live promovida pelo jornal Valor Econ\u00f4mico.<\/p>\n\n\n\n<p>Vota\u00e7\u00e3o pode ser por faixa et\u00e1ria<br>A Justi\u00e7a Eleitoral estuda ainda fazer a vota\u00e7\u00e3o dividida por faixa et\u00e1ria, nos diferentes turnos do dia de vota\u00e7\u00e3o. Para isso, \u00e9 preciso \u201couvir sanitaristas [para saber] se colocar\u00edamos os mais idosos votando mais cedo, depois os mais jovens na hora do almo\u00e7o. A gente tentar fazer uma divis\u00e3o dessa natureza\u201d, disse Barroso, ministro do Supremo Tribunal Federal &#8211; STF.<\/p>\n\n\n\n<p>O ministro disse, ainda, que mant\u00e9m di\u00e1logo constante com os presidentes da C\u00e2mara, Rodrigo Maia (DEM-RJ), e do Senado, Davi Alcolumbre (DEM-AP), sobre o eventual adiamento do calend\u00e1rio eleitoral. Para a altera\u00e7\u00e3o do calend\u00e1rio, \u00e9 necess\u00e1ria que o Congresso aprove uma proposta de emenda constitucional (PEC).<\/p>\n\n\n\n<p>A defini\u00e7\u00e3o sobre o adiamento das elei\u00e7\u00f5es depende ainda da trajet\u00f3ria da curva de contamina\u00e7\u00e3o do novo coronav\u00edrus, afirmou Barroso. \u201cEm meados de junho ser\u00e1 o momento de se bater o martelo\u201d, finalizou ele.<\/p>\n","protected":false},"excerpt":{"rendered":"<p>Elei\u00e7\u00f5es municipais podem ser divididas em dois dias para reduzir exposi\u00e7\u00e3o dos eleitores ao covid-19, diz ministro Para reduzir aglomera\u00e7\u00f5es e a exposi\u00e7\u00e3o de eleitores&hellip; <\/p>\n","protected":false},"author":2,"featured_media":164480,"comment_status":"closed","ping_status":"closed","sticky":false,"template":"","format":"standard","meta":{"sfsi_plus_gutenberg_text_before_share":"","sfsi_plus_gutenberg_show_text_before_share":"","sfsi_plus_gutenberg_icon_type":"","sfsi_plus_gutenberg_icon_alignemt":"","sfsi_plus_gutenburg_max_per_row":"","footnotes":""},"categories":[11],"tags":[],"class_list":["post-171090","post","type-post","status-publish","format-standard","has-post-thumbnail","hentry","category-politica"],"_links":{"self":[{"href":"https:\/\/www.caririemacao.com\/1\/wp-json\/wp\/v2\/posts\/171090","targetHints":{"allow":["GET"]}}],"collection":[{"href":"https:\/\/www.caririemacao.com\/1\/wp-json\/wp\/v2\/posts"}],"about":[{"href":"https:\/\/www.caririemacao.com\/1\/wp-json\/wp\/v2\/types\/post"}],"author":[{"embeddable":true,"href":"https:\/\/www.caririemacao.com\/1\/wp-json\/wp\/v2\/users\/2"}],"replies":[{"embeddable":true,"href":"https:\/\/www.caririemacao.com\/1\/wp-json\/wp\/v2\/comments?post=171090"}],"version-history":[{"count":1,"href":"https:\/\/www.caririemacao.com\/1\/wp-json\/wp\/v2\/posts\/171090\/revisions"}],"predecessor-version":[{"id":171091,"href":"https:\/\/www.caririemacao.com\/1\/wp-json\/wp\/v2\/posts\/171090\/revisions\/171091"}],"wp:featuredmedia":[{"embeddable":true,"href":"https:\/\/www.caririemacao.com\/1\/wp-json\/wp\/v2\/media\/164480"}],"wp:attachment":[{"href":"https:\/\/www.caririemacao.com\/1\/wp-json\/wp\/v2\/media?parent=171090"}],"wp:term":[{"taxonomy":"category","embeddable":true,"href":"https:\/\/www.caririemacao.com\/1\/wp-json\/wp\/v2\/categories?post=171090"},{"taxonomy":"post_tag","embeddable":true,"href":"https:\/\/www.caririemacao.com\/1\/wp-json\/wp\/v2\/tags?post=171090"}],"curies":[{"name":"wp","href":"https:\/\/api.w.org\/{rel}","templated":true}]}}