{"id":171094,"date":"2020-05-23T07:04:07","date_gmt":"2020-05-23T10:04:07","guid":{"rendered":"https:\/\/www.caririemacao.com\/1\/?p=171094"},"modified":"2020-05-23T07:04:07","modified_gmt":"2020-05-23T10:04:07","slug":"jamais-eu-entregaria-meu-celular-afirma-bolsonaro-sobre-pedido-de-partidos-ao-stf","status":"publish","type":"post","link":"https:\/\/www.caririemacao.com\/1\/2020\/05\/23\/jamais-eu-entregaria-meu-celular-afirma-bolsonaro-sobre-pedido-de-partidos-ao-stf\/","title":{"rendered":"&#8216;Jamais eu entregaria meu celular&#8217;, afirma Bolsonaro sobre pedido de partidos ao STF"},"content":{"rendered":"\n<p>Ao ser perguntado nesta sexta-feira (22) se entregaria seu celular em caso de uma determina\u00e7\u00e3o judicial, o presidente Jair Bolsonaro respondeu que \u201cjamais\u201d entregaria o aparelho. Segundo Bolsonaro, ele s\u00f3 entregaria o celular se fosse um \u201crato\u201d.<\/p>\n\n\n\n<p>Bolsonaro deu as declara\u00e7\u00f5es em entrevista \u00e0 r\u00e1dio Jovem Pan ap\u00f3s a\u00a0divulga\u00e7\u00e3o de v\u00eddeo da reuni\u00e3o ministerial realizada em 22 de abril\u00a0na qual, segundo o ex-ministro Sergio Moro, h\u00e1 provas de tentativa de interfer\u00eancia do presidente na Pol\u00edcia Federal.<\/p>\n\n\n\n<p>O material foi divulgado por\u00a0decis\u00e3o do ministro Celso de Mello, do Supremo Tribunal Federal (STF). O ministro \u00e9 o relator do inqu\u00e9rito que apura as acusa\u00e7\u00f5es contra Bolsonaro feitas Moro.<\/p>\n\n\n\n<p>Em um trecho da entrevista, Bolsonaro tamb\u00e9m foi questionado sobre uma nota divulgada nesta sexta pelo ministro do Gabinete de Seguran\u00e7a Institucional (GSI), Augusto Heleno.<\/p>\n\n\n\n<p>Na nota, o ministro declarou que a eventual apreens\u00e3o do celular do presidente seria \u201cinconceb\u00edvel\u201d e poder\u00e1 ter \u201cconsequ\u00eancias imprevis\u00edveis para a estabilidade nacional\u201d.\u00a0Heleno compartilhou a nota em uma rede social\u00a0e Bolsonaro retuitou a publica\u00e7\u00e3o para que ela tamb\u00e9m aparecesse no perfil do presidente.<\/p>\n\n\n\n<p>Na manifesta\u00e7\u00e3o, Heleno se referiu ao fato de, tamb\u00e9m nesta sexta, Celso de Mello ter encaminhado \u00e0 Procuradoria-Geral da Rep\u00fablica (PGR) tr\u00eas not\u00edcias-crime apresentadas por partidos pol\u00edticos e parlamentares \u00e0 Corte. Nas not\u00edcias-crime os partidos pedem, entre outras provid\u00eancias, a apreens\u00e3o do celular do presidente.<\/p>\n\n\n\n<p>Cabe \u00e0 PGR decidir se pedir\u00e1 a apreens\u00e3o. \u00c9 praxe que ministros do STF enviem esse tipo de a\u00e7\u00e3o para manifesta\u00e7\u00e3o da procuradoria. Celso de Mello \u00e9 relator do inqu\u00e9rito que investiga den\u00fancias de que Bolsonaro interferiu politicamente na PF.<\/p>\n","protected":false},"excerpt":{"rendered":"<p>Ao ser perguntado nesta sexta-feira (22) se entregaria seu celular em caso de uma determina\u00e7\u00e3o judicial, o presidente Jair Bolsonaro respondeu que \u201cjamais\u201d entregaria o&hellip; <\/p>\n","protected":false},"author":2,"featured_media":165687,"comment_status":"closed","ping_status":"closed","sticky":false,"template":"","format":"standard","meta":{"sfsi_plus_gutenberg_text_before_share":"","sfsi_plus_gutenberg_show_text_before_share":"","sfsi_plus_gutenberg_icon_type":"","sfsi_plus_gutenberg_icon_alignemt":"","sfsi_plus_gutenburg_max_per_row":"","footnotes":""},"categories":[11],"tags":[],"class_list":["post-171094","post","type-post","status-publish","format-standard","has-post-thumbnail","hentry","category-politica"],"_links":{"self":[{"href":"https:\/\/www.caririemacao.com\/1\/wp-json\/wp\/v2\/posts\/171094","targetHints":{"allow":["GET"]}}],"collection":[{"href":"https:\/\/www.caririemacao.com\/1\/wp-json\/wp\/v2\/posts"}],"about":[{"href":"https:\/\/www.caririemacao.com\/1\/wp-json\/wp\/v2\/types\/post"}],"author":[{"embeddable":true,"href":"https:\/\/www.caririemacao.com\/1\/wp-json\/wp\/v2\/users\/2"}],"replies":[{"embeddable":true,"href":"https:\/\/www.caririemacao.com\/1\/wp-json\/wp\/v2\/comments?post=171094"}],"version-history":[{"count":1,"href":"https:\/\/www.caririemacao.com\/1\/wp-json\/wp\/v2\/posts\/171094\/revisions"}],"predecessor-version":[{"id":171095,"href":"https:\/\/www.caririemacao.com\/1\/wp-json\/wp\/v2\/posts\/171094\/revisions\/171095"}],"wp:featuredmedia":[{"embeddable":true,"href":"https:\/\/www.caririemacao.com\/1\/wp-json\/wp\/v2\/media\/165687"}],"wp:attachment":[{"href":"https:\/\/www.caririemacao.com\/1\/wp-json\/wp\/v2\/media?parent=171094"}],"wp:term":[{"taxonomy":"category","embeddable":true,"href":"https:\/\/www.caririemacao.com\/1\/wp-json\/wp\/v2\/categories?post=171094"},{"taxonomy":"post_tag","embeddable":true,"href":"https:\/\/www.caririemacao.com\/1\/wp-json\/wp\/v2\/tags?post=171094"}],"curies":[{"name":"wp","href":"https:\/\/api.w.org\/{rel}","templated":true}]}}