{"id":171098,"date":"2020-05-23T07:16:10","date_gmt":"2020-05-23T10:16:10","guid":{"rendered":"https:\/\/www.caririemacao.com\/1\/?p=171098"},"modified":"2020-05-23T07:16:10","modified_gmt":"2020-05-23T10:16:10","slug":"vamos-pedir-a-prisao-de-governadores-e-prefeitos-diz-damares-em-reuniao-gravada","status":"publish","type":"post","link":"https:\/\/www.caririemacao.com\/1\/2020\/05\/23\/vamos-pedir-a-prisao-de-governadores-e-prefeitos-diz-damares-em-reuniao-gravada\/","title":{"rendered":"Vamos pedir a pris\u00e3o de governadores e prefeitos, diz Damares em reuni\u00e3o gravada"},"content":{"rendered":"\n<p>Na reuni\u00e3o ministerial de 22 de abril, tornada p\u00fablica nesta sexta-feira (22), a ministra Damares Alves (Mulher, Fam\u00edlia e Direitos Humanos) fez duras cr\u00edticas \u00e0 a\u00e7\u00e3o de governadores e prefeitos favor\u00e1veis \u00e0 manuten\u00e7\u00e3o do distanciamento social e, sem dar detalhes nem informar os demais como faria isso, disse que a sua pasta j\u00e1 estava pedindo a pris\u00e3o de alguns governadores.<\/p>\n\n\n\n<p>Segundo a ministra, idosos estariam sendo algemados e jogados dentro de cambur\u00f5es, mulheres estariam sendo jogadas no ch\u00e3o e padres estariam sendo multados em R$ 90 mil por estarem dentro das igrejas com fi\u00e9is.<\/p>\n\n\n\n<p>&#8220;A maior viola\u00e7\u00e3o de direitos humanos da hist\u00f3ria do Brasil nos \u00faltimos trinta anos est\u00e1 acontecendo neste momento, mas n\u00f3s estamos tomando provid\u00eancias&#8221;, diz Damares.<\/p>\n\n\n\n<p>&#8220;A pandemia vai passar, mas governadores e prefeitos responder\u00e3o processos e n\u00f3s vamos pedir inclusive a pris\u00e3o de governadores e prefeitos. E n\u00f3s tamo subindo o tom e discursos t\u00e3o chegando. Nosso minist\u00e9rio vai come\u00e7ar a pegar pesado com governadores e prefeitos&#8221;, acrescenta.<\/p>\n\n\n\n<p>A partir desse momento, a ministra passa a se referir ao governador do Piau\u00ed, Wellington Dias (PT). &#8220;O governador Wellington, agora, ontem, determinou que a pol\u00edcia poder\u00e1 entrar nas casas. Voc\u00eas n\u00e3o imaginam o que ele vai fazer! Poder\u00e1 entrar na casa.&#8221;<\/p>\n\n\n\n<p>Nesse momento, Jair Bolsonaro pergunta: &#8220;Ele assina?&#8221;.<\/p>\n\n\n\n<p>&#8220;Assinou&#8221;, responde Damares. &#8220;A pol\u00edcia poder\u00e1 entrar na casa sem mandato. Ent\u00e3o, assim, as maiores viola\u00e7\u00f5es est\u00e3o acontecendo nesses dias. Ent\u00e3o, n\u00f3s estamos fazendo um enfrentamento, mais de cinco procedimentos o nosso minist\u00e9rio j\u00e1 tomou iniciativa e n\u00f3s tamos pedindo inclusive a pris\u00e3o de alguns governadores&#8221;, afirmou, acrescentando, sem detalhes, que &#8220;governadores e prefeitos responder\u00e3o processos.&#8221;<\/p>\n\n\n\n<p>Damares tamb\u00e9m reclamou que recebeu um governo sem dados, sem saber o n\u00famero exatos dos ciganos e dos ucranianos que vivem no Brasil.<\/p>\n\n\n\n<p>E criticou o STF por, segundo ela, ter trazido a quest\u00e3o do aborto de volta.<\/p>\n\n\n\n<p>&#8220;Neste momento de pandemia a gente t\u00e1 vendo a\u00ed a palha\u00e7ada do STF trazer o aborto de novo para a pauta&#8221;, diz. &#8220;Ser\u00e1 que v\u00e3o querer liberar que todos que tiveram coronav\u00edrus poder\u00e3o abortar no Brasil? V\u00e3o liberar geral?&#8221;, afirmou.<\/p>\n\n\n\n<p>Ent\u00e3o, se dirige ao ent\u00e3o ministro da Sa\u00fade, Nelson Teich, que acabou saindo do governo por discordar da diretriz de Bolsonaro.<\/p>\n\n\n\n<p>&#8220;O seu minist\u00e9rio, t\u00e1 lotado de feminista que tem uma pauta \u00fanica que \u00e9 a libera\u00e7\u00e3o de aborto. Quero te lembrar ministro, que t\u00e1 chegando agora, este governo \u00e9 um governo pr\u00f3-vida, um governo pr\u00f3-fam\u00edlia. Ent\u00e3o, por favor. E a\u00ed quando a gente fala de valores, ministro, eu quero dizer que n\u00f3s est\u00e1vamos sim no caminho certo. &#8220;<\/p>\n","protected":false},"excerpt":{"rendered":"<p>Na reuni\u00e3o ministerial de 22 de abril, tornada p\u00fablica nesta sexta-feira (22), a ministra Damares Alves (Mulher, Fam\u00edlia e Direitos Humanos) fez duras cr\u00edticas \u00e0&hellip; <\/p>\n","protected":false},"author":2,"featured_media":171099,"comment_status":"closed","ping_status":"closed","sticky":false,"template":"","format":"standard","meta":{"sfsi_plus_gutenberg_text_before_share":"","sfsi_plus_gutenberg_show_text_before_share":"","sfsi_plus_gutenberg_icon_type":"","sfsi_plus_gutenberg_icon_alignemt":"","sfsi_plus_gutenburg_max_per_row":"","footnotes":""},"categories":[11],"tags":[],"class_list":["post-171098","post","type-post","status-publish","format-standard","has-post-thumbnail","hentry","category-politica"],"_links":{"self":[{"href":"https:\/\/www.caririemacao.com\/1\/wp-json\/wp\/v2\/posts\/171098","targetHints":{"allow":["GET"]}}],"collection":[{"href":"https:\/\/www.caririemacao.com\/1\/wp-json\/wp\/v2\/posts"}],"about":[{"href":"https:\/\/www.caririemacao.com\/1\/wp-json\/wp\/v2\/types\/post"}],"author":[{"embeddable":true,"href":"https:\/\/www.caririemacao.com\/1\/wp-json\/wp\/v2\/users\/2"}],"replies":[{"embeddable":true,"href":"https:\/\/www.caririemacao.com\/1\/wp-json\/wp\/v2\/comments?post=171098"}],"version-history":[{"count":1,"href":"https:\/\/www.caririemacao.com\/1\/wp-json\/wp\/v2\/posts\/171098\/revisions"}],"predecessor-version":[{"id":171100,"href":"https:\/\/www.caririemacao.com\/1\/wp-json\/wp\/v2\/posts\/171098\/revisions\/171100"}],"wp:featuredmedia":[{"embeddable":true,"href":"https:\/\/www.caririemacao.com\/1\/wp-json\/wp\/v2\/media\/171099"}],"wp:attachment":[{"href":"https:\/\/www.caririemacao.com\/1\/wp-json\/wp\/v2\/media?parent=171098"}],"wp:term":[{"taxonomy":"category","embeddable":true,"href":"https:\/\/www.caririemacao.com\/1\/wp-json\/wp\/v2\/categories?post=171098"},{"taxonomy":"post_tag","embeddable":true,"href":"https:\/\/www.caririemacao.com\/1\/wp-json\/wp\/v2\/tags?post=171098"}],"curies":[{"name":"wp","href":"https:\/\/api.w.org\/{rel}","templated":true}]}}