{"id":171102,"date":"2020-05-23T07:22:08","date_gmt":"2020-05-23T10:22:08","guid":{"rendered":"https:\/\/www.caririemacao.com\/1\/?p=171102"},"modified":"2020-05-23T07:22:08","modified_gmt":"2020-05-23T10:22:08","slug":"defesa-do-ex-governador-ricardo-coutinho-volta-a-denunciar-perseguicao-do-mppb-diz-que-provara-inocencia-e-espera-justica","status":"publish","type":"post","link":"https:\/\/www.caririemacao.com\/1\/2020\/05\/23\/defesa-do-ex-governador-ricardo-coutinho-volta-a-denunciar-perseguicao-do-mppb-diz-que-provara-inocencia-e-espera-justica\/","title":{"rendered":"Defesa do ex-governador Ricardo Coutinho volta a denunciar persegui\u00e7\u00e3o do MPPB, diz que provar\u00e1 inoc\u00eancia e espera justi\u00e7a"},"content":{"rendered":"\n<p>O advogado Eduardo Cavalcanti, que integra a defesa do ex-governador Ricardo Coutinho (PSB), encaminhou nota ao&nbsp;Portal, na tarde desta sexta-feira (22),&nbsp;relativa \u00e0 nova den\u00fancia apresentada pelo Minist\u00e9rio P\u00fablico da Para\u00edba (MPPB), por meio do Grupo de Atua\u00e7\u00e3o Especial de Repress\u00e3o ao Crime Organizado (Gaeco), no \u00e2mbito da Opera\u00e7\u00e3o Calv\u00e1rio. No documento, ele acusa o MPPB de promover persegui\u00e7\u00e3o t\u00edpica de \u201cblitzkrieg\u201d contra o l\u00edder do PSB no Estado, informando que provar\u00e1 a inoc\u00eancia de RC, por isso exige justi\u00e7a.<\/p>\n\n\n\n<p>\u2013 Sobre a recente den\u00fancia do Minist\u00e9rio P\u00fablico em desfavor do ex-governador Ricardo Coutinho, a defesa se v\u00ea mais uma vez perplexa e lamenta a incessante iniciativa persecut\u00f3ria do MP contra um cidad\u00e3o e sua fam\u00edlia, revela o advogado.<\/p>\n\n\n\n<p>Para ele, \u201ca acusa\u00e7\u00e3o se funda, novamente, em meras ila\u00e7\u00f5es e dela\u00e7\u00f5es premiadas, o que \u00e9 ilegal, pois foram celebradas por pessoas que estavam presas \u00e0 \u00e9poca dos acordos. Recursos ret\u00f3ricos, onde n\u00e3o se encontra, ali, substrato f\u00e1tico algum para instaurar uma a\u00e7\u00e3o penal contra quem quer que seja\u201d.<\/p>\n\n\n\n<p>Conforme acrescentou, \u201cser\u00e1 exposta, em todas as fases devidas do processo, a inoc\u00eancia plena do ex-governador, demonstrando detalhadamente a verdade, com provas e fatos, apesar de n\u00e3o ser um \u00f4nus seu e sim de quem o acusa\u201d.<\/p>\n\n\n\n<p>Por fim, defendeu \u201ca defesa confia no Poder Judici\u00e1rio para conter essa _blitzkrieg_ acusat\u00f3ria\u201d.<\/p>\n","protected":false},"excerpt":{"rendered":"<p>O advogado Eduardo Cavalcanti, que integra a defesa do ex-governador Ricardo Coutinho (PSB), encaminhou nota ao&nbsp;Portal, na tarde desta sexta-feira (22),&nbsp;relativa \u00e0 nova den\u00fancia apresentada&hellip; <\/p>\n","protected":false},"author":2,"featured_media":171104,"comment_status":"closed","ping_status":"closed","sticky":false,"template":"","format":"standard","meta":{"sfsi_plus_gutenberg_text_before_share":"","sfsi_plus_gutenberg_show_text_before_share":"","sfsi_plus_gutenberg_icon_type":"","sfsi_plus_gutenberg_icon_alignemt":"","sfsi_plus_gutenburg_max_per_row":"","footnotes":""},"categories":[11],"tags":[],"class_list":["post-171102","post","type-post","status-publish","format-standard","has-post-thumbnail","hentry","category-politica"],"_links":{"self":[{"href":"https:\/\/www.caririemacao.com\/1\/wp-json\/wp\/v2\/posts\/171102","targetHints":{"allow":["GET"]}}],"collection":[{"href":"https:\/\/www.caririemacao.com\/1\/wp-json\/wp\/v2\/posts"}],"about":[{"href":"https:\/\/www.caririemacao.com\/1\/wp-json\/wp\/v2\/types\/post"}],"author":[{"embeddable":true,"href":"https:\/\/www.caririemacao.com\/1\/wp-json\/wp\/v2\/users\/2"}],"replies":[{"embeddable":true,"href":"https:\/\/www.caririemacao.com\/1\/wp-json\/wp\/v2\/comments?post=171102"}],"version-history":[{"count":2,"href":"https:\/\/www.caririemacao.com\/1\/wp-json\/wp\/v2\/posts\/171102\/revisions"}],"predecessor-version":[{"id":171105,"href":"https:\/\/www.caririemacao.com\/1\/wp-json\/wp\/v2\/posts\/171102\/revisions\/171105"}],"wp:featuredmedia":[{"embeddable":true,"href":"https:\/\/www.caririemacao.com\/1\/wp-json\/wp\/v2\/media\/171104"}],"wp:attachment":[{"href":"https:\/\/www.caririemacao.com\/1\/wp-json\/wp\/v2\/media?parent=171102"}],"wp:term":[{"taxonomy":"category","embeddable":true,"href":"https:\/\/www.caririemacao.com\/1\/wp-json\/wp\/v2\/categories?post=171102"},{"taxonomy":"post_tag","embeddable":true,"href":"https:\/\/www.caririemacao.com\/1\/wp-json\/wp\/v2\/tags?post=171102"}],"curies":[{"name":"wp","href":"https:\/\/api.w.org\/{rel}","templated":true}]}}