{"id":171107,"date":"2020-05-23T07:24:26","date_gmt":"2020-05-23T10:24:26","guid":{"rendered":"https:\/\/www.caririemacao.com\/1\/?p=171107"},"modified":"2020-05-23T07:24:26","modified_gmt":"2020-05-23T10:24:26","slug":"em-reuniao-bolsonaro-defendeu-intervencao-militar-nos-queremos-o-artigo-142","status":"publish","type":"post","link":"https:\/\/www.caririemacao.com\/1\/2020\/05\/23\/em-reuniao-bolsonaro-defendeu-intervencao-militar-nos-queremos-o-artigo-142\/","title":{"rendered":"Em reuni\u00e3o, Bolsonaro defendeu interven\u00e7\u00e3o militar: \u2018n\u00f3s queremos o artigo 142\u2019"},"content":{"rendered":"\n<p>Em&nbsp;<strong>reuni\u00e3o<\/strong>&nbsp;ministerial do governo federal, de 22 de abril, Jair Bolsonaro defendeu o artigo 142 da Constitui\u00e7\u00e3o, que permite a interven\u00e7\u00e3o militar no Pa\u00eds. Ele falou que est\u00e1 \u201cse lixando\u201d sobre manifestantes que levantaram placas em defesa do AI-5 (que consolidou a Ditadura Militar de 1964 com mais repress\u00e3o e censura), pois \u201cn\u00e3o existe mais\u201d.<\/p>\n\n\n\n<p>Ele destacou, por\u00e9m, que defende a interven\u00e7\u00e3o militar. \u201cN\u00f3s queremos fazer cumprir o artigo 142. Todo mundo quer fazer cumprir o artigo 142\u201d, afirmou. Ele ainda destacou que para ele defender a ditadura e os militares de direita n\u00e3o \u00e9 problema e que ningu\u00e9m fala nada quando ocorrem atos de apoio a dirigentes de esquerda Che Guevara e Mao Tse-Tung na C\u00e2mara de Deputados e quando os partidos de esquerda fazem congressos em defesa de Fidel Castro. Confira um trecho.<\/p>\n","protected":false},"excerpt":{"rendered":"<p>Em&nbsp;reuni\u00e3o&nbsp;ministerial do governo federal, de 22 de abril, Jair Bolsonaro defendeu o artigo 142 da Constitui\u00e7\u00e3o, que permite a interven\u00e7\u00e3o militar no Pa\u00eds. Ele falou&hellip; <\/p>\n","protected":false},"author":2,"featured_media":126636,"comment_status":"closed","ping_status":"closed","sticky":false,"template":"","format":"standard","meta":{"sfsi_plus_gutenberg_text_before_share":"","sfsi_plus_gutenberg_show_text_before_share":"","sfsi_plus_gutenberg_icon_type":"","sfsi_plus_gutenberg_icon_alignemt":"","sfsi_plus_gutenburg_max_per_row":"","footnotes":""},"categories":[11],"tags":[],"class_list":["post-171107","post","type-post","status-publish","format-standard","has-post-thumbnail","hentry","category-politica"],"_links":{"self":[{"href":"https:\/\/www.caririemacao.com\/1\/wp-json\/wp\/v2\/posts\/171107","targetHints":{"allow":["GET"]}}],"collection":[{"href":"https:\/\/www.caririemacao.com\/1\/wp-json\/wp\/v2\/posts"}],"about":[{"href":"https:\/\/www.caririemacao.com\/1\/wp-json\/wp\/v2\/types\/post"}],"author":[{"embeddable":true,"href":"https:\/\/www.caririemacao.com\/1\/wp-json\/wp\/v2\/users\/2"}],"replies":[{"embeddable":true,"href":"https:\/\/www.caririemacao.com\/1\/wp-json\/wp\/v2\/comments?post=171107"}],"version-history":[{"count":1,"href":"https:\/\/www.caririemacao.com\/1\/wp-json\/wp\/v2\/posts\/171107\/revisions"}],"predecessor-version":[{"id":171108,"href":"https:\/\/www.caririemacao.com\/1\/wp-json\/wp\/v2\/posts\/171107\/revisions\/171108"}],"wp:featuredmedia":[{"embeddable":true,"href":"https:\/\/www.caririemacao.com\/1\/wp-json\/wp\/v2\/media\/126636"}],"wp:attachment":[{"href":"https:\/\/www.caririemacao.com\/1\/wp-json\/wp\/v2\/media?parent=171107"}],"wp:term":[{"taxonomy":"category","embeddable":true,"href":"https:\/\/www.caririemacao.com\/1\/wp-json\/wp\/v2\/categories?post=171107"},{"taxonomy":"post_tag","embeddable":true,"href":"https:\/\/www.caririemacao.com\/1\/wp-json\/wp\/v2\/tags?post=171107"}],"curies":[{"name":"wp","href":"https:\/\/api.w.org\/{rel}","templated":true}]}}