{"id":171110,"date":"2020-05-23T07:26:34","date_gmt":"2020-05-23T10:26:34","guid":{"rendered":"https:\/\/www.caririemacao.com\/1\/?p=171110"},"modified":"2020-05-23T07:26:34","modified_gmt":"2020-05-23T10:26:34","slug":"chuvas-de-marco-e-abril-diminuem-severidade-da-seca-em-parte-da-paraiba-registra-monitor-da-ana","status":"publish","type":"post","link":"https:\/\/www.caririemacao.com\/1\/2020\/05\/23\/chuvas-de-marco-e-abril-diminuem-severidade-da-seca-em-parte-da-paraiba-registra-monitor-da-ana\/","title":{"rendered":"Chuvas de mar\u00e7o e abril diminuem severidade da seca em parte da Para\u00edba, registra monitor da ANA"},"content":{"rendered":"\n<p>A \u00faltima atualiza\u00e7\u00e3o do Monitor de Secas aponta que na Para\u00edba parte do territ\u00f3rio deixou de registrar seca em abril, o que n\u00e3o acontecia desde outubro de 2019, e houve uma redu\u00e7\u00e3o da severidade do fen\u00f4meno com a diminui\u00e7\u00e3o das \u00e1reas com seca moderada. Aconteceram precipita\u00e7\u00f5es abaixo da m\u00e9dia na por\u00e7\u00e3o centro-leste, enquanto no oeste as chuvas observadas ficaram acima da m\u00e9dia.<\/p>\n\n\n\n<figure class=\"wp-block-image\"><img decoding=\"async\" data-src=\"https:\/\/www.clickpb.com.br\/media\/filer_public\/af\/e8\/afe87c23-4fd5-4763-892b-c33a844a8066\/chuvas_de_marco_e_abril_diminuem_severidade_da_seca_em_parte_da_paraiba_registra_monitor_da_ana.jpg\" alt=\"\" src=\"data:image\/svg+xml;base64,PHN2ZyB3aWR0aD0iMSIgaGVpZ2h0PSIxIiB4bWxucz0iaHR0cDovL3d3dy53My5vcmcvMjAwMC9zdmciPjwvc3ZnPg==\" class=\"lazyload\" \/><\/figure>\n\n\n\n<p><\/p>\n\n\n\n<p>Com isso, uma ampla \u00e1rea sem seca foi observada no oeste do estado por causa da redu\u00e7\u00e3o da \u00e1rea com seca fraca, bem como a diminui\u00e7\u00e3o da faixa com seca moderada. No leste (Mata Paraibana) tamb\u00e9m houve redu\u00e7\u00e3o da severidade da seca, passando de moderada para fraca. Os impactos observados s\u00e3o de longo prazo, exceto na faixa litor\u00e2nea, onde s\u00e3o de curto prazo.<\/p>\n\n\n\n<p>Com as chuvas de abril, o Monitor de Secas registrou uma redu\u00e7\u00e3o das \u00e1reas com seca na Bahia, Cear\u00e1, Maranh\u00e3o, Minas Gerais, Para\u00edba, Pernambuco, Piau\u00ed, Rio Grande do Norte, Sergipe e Tocantins. No caso do Esp\u00edrito Santo, o estado n\u00e3o registra nenhuma \u00e1rea com seca desde mar\u00e7o. J\u00e1 em Alagoas todo o estado permanece com seca.<\/p>\n\n\n\n<p>Tamb\u00e9m houve a redu\u00e7\u00e3o da gravidade das secas em oito estados: Alagoas, Bahia, Minas Gerais, Para\u00edba, Pernambuco, Piau\u00ed, Rio Grande do Norte e Sergipe. O Cear\u00e1 manteve \u00e1reas somente com seca fraca e Tocantins teve poucas mudan\u00e7as na severidade da seca entre mar\u00e7o e abril. No caso do Maranh\u00e3o, houve um aumento da \u00e1rea com seca moderada no sul do estado.<\/p>\n\n\n\n<p>De modo geral, a seca no norte do Nordeste apresenta impacto de longo prazo, associado principalmente ao d\u00e9ficit h\u00eddrico de chuvas abaixo da m\u00e9dia na regi\u00e3o entre 2012 a 2018. No entanto, as precipita\u00e7\u00f5es observadas nos quatro primeiros meses do ano trouxeram melhora nos impactos de curto prazo e a consequente recupera\u00e7\u00e3o das pastagens, acumula\u00e7\u00e3o de \u00e1gua nos pequenos e m\u00e9dios reservat\u00f3rios, al\u00e9m da recupera\u00e7\u00e3o de alguns per\u00edmetros irrigados.<\/p>\n\n\n\n<p>As precipita\u00e7\u00f5es variaram de normal a ligeiramente acima da m\u00e9dia de forma geral. Por\u00e9m, em algumas \u00e1reas aconteceram chuvas abaixo da m\u00e9dia, como no Esp\u00edrito Santo, por\u00e7\u00e3o sul e oeste de Minas Gerais e em parte do leste nordestino, numa \u00e1rea entre Alagoas e o Rio Grande do Norte. As precipita\u00e7\u00f5es tamb\u00e9m ficaram abaixo da m\u00e9dia no centro-leste do Maranh\u00e3o, no extremo sul do Piau\u00ed, na por\u00e7\u00e3o central do Cear\u00e1 e em alguns pontos do oeste e sul da Bahia.<\/p>\n\n\n\n<p>Abril \u00e9 considerado o \u00faltimo m\u00eas do per\u00edodo chuvoso em Tocantins e na \u00e1rea central do Nordeste. Em Minas Gerais e no Esp\u00edrito Santo, o m\u00eas \u00e9 de transi\u00e7\u00e3o do per\u00edodo chuvoso para o per\u00edodo seco. Em abril, as precipita\u00e7\u00f5es com valores iguais ou superiores a 300mm ocorreram no centro-norte e oeste do Maranh\u00e3o, no extremo norte de Tocantins e Piau\u00ed, no litoral do Cear\u00e1, em algumas \u00e1reas de Tocantins e no litoral leste do Nordeste. Esp\u00edrito Santo e grande parte de Minas Gerais registraram chuvas abaixo de 120mm, enquanto nas demais \u00e1reas as precipita\u00e7\u00f5es de abril variaram entre 120mm e 250mm.<\/p>\n\n\n\n<p>O Monitor de Secas tem uma presen\u00e7a cada vez mais nacional, abrangendo os nove estados do Nordeste, Esp\u00edrito Santo, Minas Gerais e Tocantins. Os pr\u00f3ximos estados a se juntarem ao Monitor ser\u00e3o Goi\u00e1s e Rio de Janeiro, que j\u00e1 est\u00e3o em fase de testes e treinamento de pessoal. Essa ferramenta realiza o acompanhamento cont\u00ednuo do grau de severidade das secas no Brasil com base em indicadores de seca e nos impactos causados pelo fen\u00f4meno em curto e\/ou longo prazo. Os impactos de curto prazo s\u00e3o para d\u00e9ficits de precipita\u00e7\u00f5es recentes nos \u00faltimos um a seis meses. Para secas acima de 12 meses, os impactos s\u00e3o de longo prazo.<\/p>\n\n\n\n<p>O Monitor vem sendo utilizado para auxiliar a execu\u00e7\u00e3o de pol\u00edticas p\u00fablicas de combate \u00e0 seca e pode ser acessado tanto pelo site monitordesecas.ana.gov.br quanto pelo aplicativo Monitor de Secas, dispon\u00edvel gratuitamente para dispositivos Android e iOS. Clique aqui para verificar a situa\u00e7\u00e3o de abril de 2020 em todos os estados com o Monitor de Secas.<\/p>\n\n\n\n<p><strong>O Monitor de Secas<\/strong><\/p>\n\n\n\n<p>O Monitor de Secas \u00e9 coordenado pela Ag\u00eancia Nacional de \u00c1guas (ANA), com o apoio da Funda\u00e7\u00e3o Cearense de Meteorologia e Recursos H\u00eddricos (FUNCEME), e desenvolvido conjuntamente com diversas institui\u00e7\u00f5es estaduais e federais ligadas \u00e0s \u00e1reas de clima e recursos h\u00eddricos. Na Para\u00edba, a Ag\u00eancia Executiva de Gest\u00e3o das \u00c1guas do Estado da Para\u00edba (AESA) \u00e9 o \u00f3rg\u00e3o que atua no Monitor de Secas. Por meio da ferramenta \u00e9 poss\u00edvel comparar a evolu\u00e7\u00e3o das secas nos 12 estados a cada m\u00eas vencido.<\/p>\n\n\n\n<p>O projeto tem como principal produto o Mapa do Monitor, constru\u00eddo mensalmente a partir da colabora\u00e7\u00e3o dos estados integrantes do projeto e de uma rede de institui\u00e7\u00f5es parceiras que assumem diferentes pap\u00e9is na rotina de sua elabora\u00e7\u00e3o.<\/p>\n\n\n\n<p>Em opera\u00e7\u00e3o desde 2014, o Monitor de Secas iniciou suas atividades pelo Nordeste, historicamente a regi\u00e3o mais afetada por esse tipo de fen\u00f4meno clim\u00e1tico. No fim de 2018, com a metodologia j\u00e1 consolidada e entendendo que todas as regi\u00f5es do Pa\u00eds s\u00e3o afetadas em maior ou menor grau por secas, foi iniciada a expans\u00e3o da ferramenta para incluir outras regi\u00f5es. Em novembro de 2018, junho de 2019 e janeiro de 2020 aconteceu respectivamente a entrada de Minas Gerais, Esp\u00edrito Santo e Tocantins no Mapa do Monitor.<\/p>\n\n\n\n<p>O Monitor de Secas foi concebido com base o no modelo de acompanhamento de secas dos Estados Unidos e do M\u00e9xico. O cronograma de atividades inclui as fases de coleta de dados, c\u00e1lculo dos indicadores de seca, tra\u00e7ado dos rascunhos do Mapa pela equipe de autoria, valida\u00e7\u00e3o dos estados envolvidos e divulga\u00e7\u00e3o da vers\u00e3o final do Mapa do Monitor, que indica uma seca relativa \u2013 as categorias de seca em uma determinada \u00e1rea s\u00e3o estabelecidas em rela\u00e7\u00e3o ao pr\u00f3prio hist\u00f3rico da regi\u00e3o \u2013 ou a aus\u00eancia do fen\u00f4meno.<\/p>\n","protected":false},"excerpt":{"rendered":"<p>A \u00faltima atualiza\u00e7\u00e3o do Monitor de Secas aponta que na Para\u00edba parte do territ\u00f3rio deixou de registrar seca em abril, o que n\u00e3o acontecia desde&hellip; <\/p>\n","protected":false},"author":2,"featured_media":171111,"comment_status":"closed","ping_status":"closed","sticky":false,"template":"","format":"standard","meta":{"sfsi_plus_gutenberg_text_before_share":"","sfsi_plus_gutenberg_show_text_before_share":"","sfsi_plus_gutenberg_icon_type":"","sfsi_plus_gutenberg_icon_alignemt":"","sfsi_plus_gutenburg_max_per_row":"","footnotes":""},"categories":[6],"tags":[],"class_list":["post-171110","post","type-post","status-publish","format-standard","has-post-thumbnail","hentry","category-cidades"],"_links":{"self":[{"href":"https:\/\/www.caririemacao.com\/1\/wp-json\/wp\/v2\/posts\/171110","targetHints":{"allow":["GET"]}}],"collection":[{"href":"https:\/\/www.caririemacao.com\/1\/wp-json\/wp\/v2\/posts"}],"about":[{"href":"https:\/\/www.caririemacao.com\/1\/wp-json\/wp\/v2\/types\/post"}],"author":[{"embeddable":true,"href":"https:\/\/www.caririemacao.com\/1\/wp-json\/wp\/v2\/users\/2"}],"replies":[{"embeddable":true,"href":"https:\/\/www.caririemacao.com\/1\/wp-json\/wp\/v2\/comments?post=171110"}],"version-history":[{"count":1,"href":"https:\/\/www.caririemacao.com\/1\/wp-json\/wp\/v2\/posts\/171110\/revisions"}],"predecessor-version":[{"id":171112,"href":"https:\/\/www.caririemacao.com\/1\/wp-json\/wp\/v2\/posts\/171110\/revisions\/171112"}],"wp:featuredmedia":[{"embeddable":true,"href":"https:\/\/www.caririemacao.com\/1\/wp-json\/wp\/v2\/media\/171111"}],"wp:attachment":[{"href":"https:\/\/www.caririemacao.com\/1\/wp-json\/wp\/v2\/media?parent=171110"}],"wp:term":[{"taxonomy":"category","embeddable":true,"href":"https:\/\/www.caririemacao.com\/1\/wp-json\/wp\/v2\/categories?post=171110"},{"taxonomy":"post_tag","embeddable":true,"href":"https:\/\/www.caririemacao.com\/1\/wp-json\/wp\/v2\/tags?post=171110"}],"curies":[{"name":"wp","href":"https:\/\/api.w.org\/{rel}","templated":true}]}}