{"id":171114,"date":"2020-05-23T07:28:47","date_gmt":"2020-05-23T10:28:47","guid":{"rendered":"https:\/\/www.caririemacao.com\/1\/?p=171114"},"modified":"2020-05-23T07:28:47","modified_gmt":"2020-05-23T10:28:47","slug":"video-nao-apresenta-provas-diz-bolsonaro","status":"publish","type":"post","link":"https:\/\/www.caririemacao.com\/1\/2020\/05\/23\/video-nao-apresenta-provas-diz-bolsonaro\/","title":{"rendered":"V\u00eddeo n\u00e3o apresenta provas, diz Bolsonaro"},"content":{"rendered":"\n<p>O presidente Jair Bolsonaro falou hoje (22) a noite em frente ao Pal\u00e1cio da\u00a0Alvorada\u00a0que o\u00a0v\u00eddeo\u00a0da reuni\u00e3o ministerial de 22 de abril n\u00e3o traz provas de uma suposta interfer\u00eancia sua na Pol\u00edcia Federal. A grava\u00e7\u00e3o\u00a0veio a p\u00fablico\u00a0durante a tarde, ap\u00f3s ter o sigilo levantado pelo ministro Celso de Mello do Supremo Tribunal Federal (STF). \u00a0<\/p>\n\n\n\n<p>&#8220;Repito, cad\u00ea a parte desse v\u00eddeo de duas horas onde minimamente tem indicios de que eu teria interferido na Pol\u00edcia Federal, na superintend\u00eancia do Rio de Janeiro ou na diretoria-geral da PF? N\u00e3o tem nada&#8221;, afirmou a jornalista. &nbsp;<\/p>\n\n\n\n<p>A reuni\u00e3o ocorrida&nbsp;foi citada pelo ex-ministro da Justi\u00e7a e Seguran\u00e7a P\u00fablica Sergio Moro durante depoimento prestado \u00e0 PF, no in\u00edcio do m\u00eas, como uma das principais provas da suposta interfer\u00eancia. Dois dias depois, Moro pediu demiss\u00e3o do cargo. Sobre o ex-auxiliar, o presidente negou press\u00e3o para qualquer tipo de favorecimento. &#8220;Ele aceitou trabalhar comigo, sabia das regras do jogo, nunca foi constrangido.&#8221;<\/p>\n\n\n\n<p>Ainda em frente ao&nbsp;Alvorada, Bolsonaro disse que nem ele nem ministros e auxiliares que estavam na reuni\u00e3o t\u00eam responsabilidade pelas declara\u00e7\u00f5es dadas, j\u00e1 que a reuni\u00e3o era reservada e s\u00f3 veio a p\u00fablico por causa de uma decis\u00e3o judicial.&nbsp;<\/p>\n\n\n\n<p>&#8220;Nenhum ministro meu tem responsabilidade do que foi falado ali, porque foi uma reuni\u00e3o reservada de ministros, n\u00e3o foi uma reuni\u00e3o aberta. A responsabilidade \u00e9 do ministro Celso de Mello&#8221;, disse.<\/p>\n\n\n\n<p>Al\u00e9m dos trechos da reuni\u00e3o que interessam ao inqu\u00e9rito, em que o presidente faz refer\u00eancias \u00e0 falta de informa\u00e7\u00f5es por parte da PF e de \u00f3rg\u00e3os de intelig\u00eancia, a grava\u00e7\u00e3o tamb\u00e9m apresenta declara\u00e7\u00f5es pol\u00eamicas de alguns ministros, como Abraham Wintraub, ministro da Educa\u00e7\u00e3o, que desferiu ofensas aos ministros do STF.&nbsp;<\/p>\n","protected":false},"excerpt":{"rendered":"<p>O presidente Jair Bolsonaro falou hoje (22) a noite em frente ao Pal\u00e1cio da\u00a0Alvorada\u00a0que o\u00a0v\u00eddeo\u00a0da reuni\u00e3o ministerial de 22 de abril n\u00e3o traz provas de&hellip; <\/p>\n","protected":false},"author":2,"featured_media":161950,"comment_status":"closed","ping_status":"closed","sticky":false,"template":"","format":"standard","meta":{"sfsi_plus_gutenberg_text_before_share":"","sfsi_plus_gutenberg_show_text_before_share":"","sfsi_plus_gutenberg_icon_type":"","sfsi_plus_gutenberg_icon_alignemt":"","sfsi_plus_gutenburg_max_per_row":"","footnotes":""},"categories":[11],"tags":[],"class_list":["post-171114","post","type-post","status-publish","format-standard","has-post-thumbnail","hentry","category-politica"],"_links":{"self":[{"href":"https:\/\/www.caririemacao.com\/1\/wp-json\/wp\/v2\/posts\/171114","targetHints":{"allow":["GET"]}}],"collection":[{"href":"https:\/\/www.caririemacao.com\/1\/wp-json\/wp\/v2\/posts"}],"about":[{"href":"https:\/\/www.caririemacao.com\/1\/wp-json\/wp\/v2\/types\/post"}],"author":[{"embeddable":true,"href":"https:\/\/www.caririemacao.com\/1\/wp-json\/wp\/v2\/users\/2"}],"replies":[{"embeddable":true,"href":"https:\/\/www.caririemacao.com\/1\/wp-json\/wp\/v2\/comments?post=171114"}],"version-history":[{"count":1,"href":"https:\/\/www.caririemacao.com\/1\/wp-json\/wp\/v2\/posts\/171114\/revisions"}],"predecessor-version":[{"id":171115,"href":"https:\/\/www.caririemacao.com\/1\/wp-json\/wp\/v2\/posts\/171114\/revisions\/171115"}],"wp:featuredmedia":[{"embeddable":true,"href":"https:\/\/www.caririemacao.com\/1\/wp-json\/wp\/v2\/media\/161950"}],"wp:attachment":[{"href":"https:\/\/www.caririemacao.com\/1\/wp-json\/wp\/v2\/media?parent=171114"}],"wp:term":[{"taxonomy":"category","embeddable":true,"href":"https:\/\/www.caririemacao.com\/1\/wp-json\/wp\/v2\/categories?post=171114"},{"taxonomy":"post_tag","embeddable":true,"href":"https:\/\/www.caririemacao.com\/1\/wp-json\/wp\/v2\/tags?post=171114"}],"curies":[{"name":"wp","href":"https:\/\/api.w.org\/{rel}","templated":true}]}}