{"id":171127,"date":"2020-05-23T11:20:16","date_gmt":"2020-05-23T14:20:16","guid":{"rendered":"https:\/\/www.caririemacao.com\/1\/?p=171127"},"modified":"2020-05-23T11:20:16","modified_gmt":"2020-05-23T14:20:16","slug":"senador-paraibano-critica-acoes-de-bolsonaro-frente-a-pandemia","status":"publish","type":"post","link":"https:\/\/www.caririemacao.com\/1\/2020\/05\/23\/senador-paraibano-critica-acoes-de-bolsonaro-frente-a-pandemia\/","title":{"rendered":"Senador paraibano critica a\u00e7\u00f5es de Bolsonaro frente \u00e0 pandemia"},"content":{"rendered":"\n<p>Em entrevista concedida \u00e0 Caturit\u00e9 FM, nesta sexta-feira, 22, o senador Veneziano Vital do R\u00eago (PSB) abordou sobre a gest\u00e3o do governo Jair Bolsonaro (sem partido), no tocante ao combate da pandemia da Covid-19, e fez duras cr\u00edticas \u00e0 posicionamento do presidente frente \u00e0 doen\u00e7a.<\/p>\n\n\n\n<p>Veneziano comentou que o governo Bolsonaro perdeu espa\u00e7o, frente \u00e0s lideran\u00e7as mundiais, sobre a discuss\u00e3o do mundo p\u00f3s-pandemia, inclusive sobre os estudos que permeiam a cria\u00e7\u00e3o de uma vacina.<\/p>\n\n\n\n<p>\u2013 \u00c9 uma coisa t\u00e3o deprimente ter um presidente da rep\u00fablica, de um pa\u00eds t\u00e3o grandioso, que age desta forma. \u00c9 lament\u00e1vel chegar numa elei\u00e7\u00e3o e ter que fazer escolhas por exclus\u00e3o, acaba sendo eleita uma pessoa desprovida de compromisso e sensibilidade. O Brasil perdeu espa\u00e7o na OMS, onde outros pa\u00edses v\u00e3o discutir o p\u00f3s-pandemia, justamente pelo comportamento do presidente- disse.<\/p>\n\n\n\n<p>O senador ainda citou a fala de Bolsonaro, quando numa live, sobre o uso da hidroxicloroquina, fez um trocadilho com o nome do rem\u00e9dio e uma marca de refrigerantes paulista.<\/p>\n\n\n\n<p>\u2013 Um presidente que trabalha desde in\u00edcio com a ideia de minimizar a pandemia, e desconsiderar os riscos da contamina\u00e7\u00e3o, quando n\u00f3s temos mais de 20 mil fam\u00edlias que pranteiam os seus mortos, o presidente fica fazendo essa gra\u00e7a, que n\u00e3o tem gra\u00e7a nenhuma, quando ele fala de \u201cTuba\u00edna\u201d ao mesmo tempo que fala de \u201cCloroquina\u201d- criticou.<\/p>\n\n\n\n<p>Por fim, Veneziano ainda criticou a ampla divulga\u00e7\u00e3o da cloroquina, por parte do presidente, como tratamento da Covid-19, mesmo sem comprova\u00e7\u00e3o cient\u00edfica sobre a efic\u00e1cia do medicamento.<\/p>\n\n\n\n<p>\u2013 O governo desconhece, n\u00e3o tem absolutamente confian\u00e7a alguma sobre ministrar o cloroquina. O presidente lan\u00e7a um protocolo que n\u00e3o foi defendido nem por Mandetta e nem por Nelson Teich. E o prefeito Romero, sem ter nenhum conhecimento decide ministrar a cloroquina. A cloroquina n\u00e3o tem qualquer reconhecimento da sua efici\u00eancia- declarou.<\/p>\n","protected":false},"excerpt":{"rendered":"<p>Em entrevista concedida \u00e0 Caturit\u00e9 FM, nesta sexta-feira, 22, o senador Veneziano Vital do R\u00eago (PSB) abordou sobre a gest\u00e3o do governo Jair Bolsonaro (sem&hellip; <\/p>\n","protected":false},"author":2,"featured_media":163359,"comment_status":"closed","ping_status":"closed","sticky":false,"template":"","format":"standard","meta":{"sfsi_plus_gutenberg_text_before_share":"","sfsi_plus_gutenberg_show_text_before_share":"","sfsi_plus_gutenberg_icon_type":"","sfsi_plus_gutenberg_icon_alignemt":"","sfsi_plus_gutenburg_max_per_row":"","footnotes":""},"categories":[11],"tags":[],"class_list":["post-171127","post","type-post","status-publish","format-standard","has-post-thumbnail","hentry","category-politica"],"_links":{"self":[{"href":"https:\/\/www.caririemacao.com\/1\/wp-json\/wp\/v2\/posts\/171127","targetHints":{"allow":["GET"]}}],"collection":[{"href":"https:\/\/www.caririemacao.com\/1\/wp-json\/wp\/v2\/posts"}],"about":[{"href":"https:\/\/www.caririemacao.com\/1\/wp-json\/wp\/v2\/types\/post"}],"author":[{"embeddable":true,"href":"https:\/\/www.caririemacao.com\/1\/wp-json\/wp\/v2\/users\/2"}],"replies":[{"embeddable":true,"href":"https:\/\/www.caririemacao.com\/1\/wp-json\/wp\/v2\/comments?post=171127"}],"version-history":[{"count":1,"href":"https:\/\/www.caririemacao.com\/1\/wp-json\/wp\/v2\/posts\/171127\/revisions"}],"predecessor-version":[{"id":171128,"href":"https:\/\/www.caririemacao.com\/1\/wp-json\/wp\/v2\/posts\/171127\/revisions\/171128"}],"wp:featuredmedia":[{"embeddable":true,"href":"https:\/\/www.caririemacao.com\/1\/wp-json\/wp\/v2\/media\/163359"}],"wp:attachment":[{"href":"https:\/\/www.caririemacao.com\/1\/wp-json\/wp\/v2\/media?parent=171127"}],"wp:term":[{"taxonomy":"category","embeddable":true,"href":"https:\/\/www.caririemacao.com\/1\/wp-json\/wp\/v2\/categories?post=171127"},{"taxonomy":"post_tag","embeddable":true,"href":"https:\/\/www.caririemacao.com\/1\/wp-json\/wp\/v2\/tags?post=171127"}],"curies":[{"name":"wp","href":"https:\/\/api.w.org\/{rel}","templated":true}]}}