{"id":171130,"date":"2020-05-23T11:22:34","date_gmt":"2020-05-23T14:22:34","guid":{"rendered":"https:\/\/www.caririemacao.com\/1\/?p=171130"},"modified":"2020-05-23T11:22:34","modified_gmt":"2020-05-23T14:22:34","slug":"luan-estilizado-simone-e-simaria-e-rai-saia-rodada-fazem-lives-neste-sabado-confira-programacao-completa","status":"publish","type":"post","link":"https:\/\/www.caririemacao.com\/1\/2020\/05\/23\/luan-estilizado-simone-e-simaria-e-rai-saia-rodada-fazem-lives-neste-sabado-confira-programacao-completa\/","title":{"rendered":"Luan Estilizado, Simone e Simaria e Rai Saia Rodada fazem lives neste s\u00e1bado; confira programa\u00e7\u00e3o completa"},"content":{"rendered":"\n<p>Seguindo as recomenda\u00e7\u00f5es das autoridades de sa\u00fade contra a pandemia do novo coronav\u00edrus (covid-19), diversos artistas vem mostrando seus trabalhos com realiza\u00e7\u00f5es de lives em redes sociais e nas mais diversas plataformas de transmiss\u00f5es de v\u00eddeos.&nbsp;<\/p>\n\n\n\n<p>O Portal ClickPB vem divulgando diariamente cada programa\u00e7\u00e3o dessas lives, para ajudar o internauta nesta quarentena, e nesta s\u00e1bado-feira (23), nomes como&nbsp;Aldair Playboy,&nbsp;Rick &amp; Renner,&nbsp;Rick &amp; Renner,&nbsp;Claudia Leitte,&nbsp;Simone e Simaria,&nbsp;Maiara e Maraisa,&nbsp;Adriana Calcanhotto,&nbsp;Mauricio Manieri,&nbsp;Regis Danese,&nbsp;Lim\u00e3o com Mel,&nbsp;Anitta,&nbsp;Luan Estilizado, Rai Saia Rodada, Zezo,&nbsp;Edson &amp; Hudson,&nbsp;Bhaskar&nbsp;dentre outros, realizam suas lives em v\u00e1rias plataformas. Confira!<\/p>\n\n\n\n<p><strong>Programa\u00e7\u00e3o completa das lives desta s\u00e1bado-feira (23):<\/strong>&nbsp; &nbsp; &nbsp; &nbsp; &nbsp;<\/p>\n\n\n\n<ul class=\"wp-block-list\"><li>12:00 &#8211; Edyr Vaqueiro (YouTube)<\/li><li>13:00 &#8211; Funk da House (YouTube)<\/li><li>13:00 &#8211; Leandro Sapucahy (YouTube)<\/li><li>13:00 &#8211; Quinteto S.A. (YouTube)<\/li><li>13:00 &#8211; Bunkyo (YouTube)<\/li><li>13:00 &#8211; Cyril.Claudel.Music, Chuslesteban, DJ Oliver, Erick Morillo, Idaengberg, Mambo Brothers, Pete Tongo (YouTube)<\/li><li>14:00 &#8211;&nbsp;Aline Barros (YouTube)<\/li><li>15:00 &#8211; Imagina Samba (YouTube)<\/li><li>15:00 &#8211; Aldair Playboy (YouTube)<\/li><li>15:00 &#8211; Inimigos da HP (YouTube)<\/li><li>16:00 &#8211; Testinha tst (YouTube)<\/li><li>16:00 &#8211; Rick &amp; Renner (YouTube)<\/li><li>16:00 &#8211; Geraldinho Lins (YouTube)<\/li><li>16:00 &#8211; Rede Ativa (YouTube)<\/li><li>16:00 &#8211; Fabiano &amp; Bonatto (YouTube)<\/li><li>16:00 &#8211; Targino Gondim (YouTube)<\/li><li>16:00 &#8211; Claudia Leitte (YouTube)<\/li><li>16:00 &#8211; Dj Will Deep (YouTube)<\/li><li>17:00 &#8211;&nbsp;Luka (YouTube)<\/li><li>17:00 &#8211; Suellen Ka part. Sam Alves, Kevin Njana, Renan Valentti (YouTube)<\/li><li>17:00 &#8211; Mira Callado (YouTube)<\/li><li>17:00 &#8211; Tony Guerra e Forr\u00f3 Sacode (YouTube)&nbsp;<\/li><li>17:30 &#8211; Simone e Simaria (YouTube)<\/li><li>18:00 &#8211; Thales Lessa (YouTube)<\/li><li>18:00 &#8211; Grupo Voraz (YouTube)<\/li><li>18:00 &#8211; Chemical surf, Kvsh (Facebook)<\/li><li>19:00 &#8211; Adriana Calcanhotto (YouTube)<\/li><li>19:00 &#8211; Mauricio Manieri (YouTube)<\/li><li>19:00 &#8211; Lucas Lima (Lucas Lima)<\/li><li>19:00 &#8211; Baile de Garagem (YouTube)<\/li><li>20:00 &#8211; Maiara e Maraisa (YouTube)<\/li><li>20:00 &#8211; Lim\u00e3o com Mel (YouTube)<\/li><li>20:00 &#8211; Grupo Ki&#8217;Resenha (YouTube)<\/li><li>20:00 &#8211; Regis Danese (YouTube)<\/li><li>20:00 &#8211; Anitta (YouTube)<\/li><li>20:00 &#8211; Banda Lagosta Bronzeada (YouTube)<\/li><li>20:00 &#8211; Luan Estilizado, Rai Saia Rodada e Zezo (YouTube)<\/li><li>20:00 &#8211; Ana Ca\u00f1as (YouTube)<\/li><li>21:00 &#8211; Dj Schipper (YouTube)<\/li><li>21:00 &#8211; Edson &amp; Hudson (YouTube)<\/li><li>21:30 &#8211; Liniker (culturaemcasa.com.br\/)<\/li><li>22:00 &#8211; Projeto TriGo tributo a Sandy &amp; J\u00fanior (YouTube)<\/li><li>23:55 &#8211; Bhaskar (YouTube)<\/li><\/ul>\n","protected":false},"excerpt":{"rendered":"<p>Seguindo as recomenda\u00e7\u00f5es das autoridades de sa\u00fade contra a pandemia do novo coronav\u00edrus (covid-19), diversos artistas vem mostrando seus trabalhos com realiza\u00e7\u00f5es de lives em&hellip; <\/p>\n","protected":false},"author":2,"featured_media":171131,"comment_status":"closed","ping_status":"closed","sticky":false,"template":"","format":"standard","meta":{"sfsi_plus_gutenberg_text_before_share":"","sfsi_plus_gutenberg_show_text_before_share":"","sfsi_plus_gutenberg_icon_type":"","sfsi_plus_gutenberg_icon_alignemt":"","sfsi_plus_gutenburg_max_per_row":"","footnotes":""},"categories":[2],"tags":[],"class_list":["post-171130","post","type-post","status-publish","format-standard","has-post-thumbnail","hentry","category-geral"],"_links":{"self":[{"href":"https:\/\/www.caririemacao.com\/1\/wp-json\/wp\/v2\/posts\/171130","targetHints":{"allow":["GET"]}}],"collection":[{"href":"https:\/\/www.caririemacao.com\/1\/wp-json\/wp\/v2\/posts"}],"about":[{"href":"https:\/\/www.caririemacao.com\/1\/wp-json\/wp\/v2\/types\/post"}],"author":[{"embeddable":true,"href":"https:\/\/www.caririemacao.com\/1\/wp-json\/wp\/v2\/users\/2"}],"replies":[{"embeddable":true,"href":"https:\/\/www.caririemacao.com\/1\/wp-json\/wp\/v2\/comments?post=171130"}],"version-history":[{"count":1,"href":"https:\/\/www.caririemacao.com\/1\/wp-json\/wp\/v2\/posts\/171130\/revisions"}],"predecessor-version":[{"id":171132,"href":"https:\/\/www.caririemacao.com\/1\/wp-json\/wp\/v2\/posts\/171130\/revisions\/171132"}],"wp:featuredmedia":[{"embeddable":true,"href":"https:\/\/www.caririemacao.com\/1\/wp-json\/wp\/v2\/media\/171131"}],"wp:attachment":[{"href":"https:\/\/www.caririemacao.com\/1\/wp-json\/wp\/v2\/media?parent=171130"}],"wp:term":[{"taxonomy":"category","embeddable":true,"href":"https:\/\/www.caririemacao.com\/1\/wp-json\/wp\/v2\/categories?post=171130"},{"taxonomy":"post_tag","embeddable":true,"href":"https:\/\/www.caririemacao.com\/1\/wp-json\/wp\/v2\/tags?post=171130"}],"curies":[{"name":"wp","href":"https:\/\/api.w.org\/{rel}","templated":true}]}}