{"id":171138,"date":"2020-05-23T12:43:17","date_gmt":"2020-05-23T15:43:17","guid":{"rendered":"https:\/\/www.caririemacao.com\/1\/?p=171138"},"modified":"2020-05-23T12:43:17","modified_gmt":"2020-05-23T15:43:17","slug":"secretario-de-saude-do-municipio-de-caraubas-rebate-denuncia-de-vereador-oposicionista","status":"publish","type":"post","link":"https:\/\/www.caririemacao.com\/1\/2020\/05\/23\/secretario-de-saude-do-municipio-de-caraubas-rebate-denuncia-de-vereador-oposicionista\/","title":{"rendered":"Secret\u00e1rio de Sa\u00fade do munic\u00edpio de Cara\u00fabas rebate den\u00fancia de vereador oposicionista"},"content":{"rendered":"\n<p>O Secret\u00e1rio da Sa\u00fade do munic\u00edpio de Cara\u00fabas, enfermeiro Leonardo Eneas Almeida, usou as redes sociais oficiais da Prefeitura para esclarecer a popula\u00e7\u00e3o caraubense sobre as novas denuncias apresentadas por um vereador l\u00edder do bloco da oposi\u00e7\u00e3o a gest\u00e3o municipal, em detrimento das a\u00e7\u00f5es de preven\u00e7\u00e3o ao coronav\u00edrus.<\/p>\n\n\n\n<p>Na denuncia o vereador acusava a atual gest\u00e3o da sa\u00fade do munic\u00edpio de&nbsp;s\u00f3 ter tomado provid\u00eancias quanto as atuais a\u00e7\u00f5es porque ele havia utilizado um espa\u00e7o em uma emissora de r\u00e1dio da regi\u00e3o do cariri para cobrar essas a\u00e7\u00f5es. O secret\u00e1rio disse que a falta de conhecimento do parlamentar \u00e9 tamanha devido ao desencontro de informa\u00e7\u00f5es que ele mesmo diz ter.<\/p>\n\n\n\n<p>No v\u00eddeo o secret\u00e1rio explica detalhadamente que desde quando o governo Federal e Estadual anunciaram o inicio da Pandemia Mar\u00e7o do corrente que toda a equipe da gest\u00e3o municipal vem adotando v\u00e1rias a\u00e7\u00f5es na preven\u00e7\u00e3o e no combate a pandemia. Quando falo que ele n\u00e3o acompanha as redes sociais do munic\u00edpio comprova a veracidade das informa\u00e7\u00f5es, afirma Leonardo Eneas.<\/p>\n\n\n\n<p>Percebam que desde o dia 18 de Mar\u00e7o de 2020, data da primeira reuni\u00e3o administrativa de toda gest\u00e3o, e bem antes da utiliza\u00e7\u00e3o do espa\u00e7o utilizado pelo senhor vereador na citada emissora de r\u00e1dio que a Secretaria da Sa\u00fade vem adotando v\u00e1rias medidas e cumprindo protocolos, disse o secret\u00e1rio.<\/p>\n\n\n\n<p>Tivemos a preocupa\u00e7\u00e3o de treinar nossa equipe de profissionais com infectologista, adquiri EPIs para cada um dos t\u00e9cnicos e profissionais, adquirimos v\u00e1rios equipamentos de monitoramento, montamos campanhas educativas e de orienta\u00e7\u00e3o, distribu\u00edmos panfletos com a popula\u00e7\u00e3o, compramos lavat\u00f3rios moveis, bombas costais motorizadas e manuais, mascaras, roupas especiais, capas protetoras e montamos barreiras sanit\u00e1rias nas entradas da cidade e do Distrito de Barreiras, completou Leonardo.<\/p>\n\n\n\n<p>Mas o que mais me surpreende \u00e9 que o senhor vereador que tanto diz defender a popula\u00e7\u00e3o de Cara\u00fabas foi o \u00fanico faltoso na sess\u00e3o extraordin\u00e1ria que aprovou um cr\u00e9dito especial dos recursos de custeio j\u00e1 existentes na sa\u00fade do munic\u00edpio para serem utilizados no combate ao coronavirus. Infelizmente n\u00e3o entendo o que ele entende por a\u00e7\u00f5es n\u00e3o realizadas na sa\u00fade, finalizou o secret\u00e1rio.<br>Acompanhe todas as declara\u00e7\u00f5es do secret\u00e1rio da sa\u00fade em v\u00eddeo nas p\u00e1ginas oficiais da Prefeitura de Cara\u00fabas no Facebook e no instagram da SEPLACOM.<\/p>\n\n\n\n<p><em>Seplacom<\/em><\/p>\n","protected":false},"excerpt":{"rendered":"<p>O Secret\u00e1rio da Sa\u00fade do munic\u00edpio de Cara\u00fabas, enfermeiro Leonardo Eneas Almeida, usou as redes sociais oficiais da Prefeitura para esclarecer a popula\u00e7\u00e3o caraubense sobre&hellip; <\/p>\n","protected":false},"author":2,"featured_media":171139,"comment_status":"closed","ping_status":"closed","sticky":false,"template":"","format":"standard","meta":{"sfsi_plus_gutenberg_text_before_share":"","sfsi_plus_gutenberg_show_text_before_share":"","sfsi_plus_gutenberg_icon_type":"","sfsi_plus_gutenberg_icon_alignemt":"","sfsi_plus_gutenburg_max_per_row":"","footnotes":""},"categories":[6],"tags":[],"class_list":["post-171138","post","type-post","status-publish","format-standard","has-post-thumbnail","hentry","category-cidades"],"_links":{"self":[{"href":"https:\/\/www.caririemacao.com\/1\/wp-json\/wp\/v2\/posts\/171138","targetHints":{"allow":["GET"]}}],"collection":[{"href":"https:\/\/www.caririemacao.com\/1\/wp-json\/wp\/v2\/posts"}],"about":[{"href":"https:\/\/www.caririemacao.com\/1\/wp-json\/wp\/v2\/types\/post"}],"author":[{"embeddable":true,"href":"https:\/\/www.caririemacao.com\/1\/wp-json\/wp\/v2\/users\/2"}],"replies":[{"embeddable":true,"href":"https:\/\/www.caririemacao.com\/1\/wp-json\/wp\/v2\/comments?post=171138"}],"version-history":[{"count":1,"href":"https:\/\/www.caririemacao.com\/1\/wp-json\/wp\/v2\/posts\/171138\/revisions"}],"predecessor-version":[{"id":171140,"href":"https:\/\/www.caririemacao.com\/1\/wp-json\/wp\/v2\/posts\/171138\/revisions\/171140"}],"wp:featuredmedia":[{"embeddable":true,"href":"https:\/\/www.caririemacao.com\/1\/wp-json\/wp\/v2\/media\/171139"}],"wp:attachment":[{"href":"https:\/\/www.caririemacao.com\/1\/wp-json\/wp\/v2\/media?parent=171138"}],"wp:term":[{"taxonomy":"category","embeddable":true,"href":"https:\/\/www.caririemacao.com\/1\/wp-json\/wp\/v2\/categories?post=171138"},{"taxonomy":"post_tag","embeddable":true,"href":"https:\/\/www.caririemacao.com\/1\/wp-json\/wp\/v2\/tags?post=171138"}],"curies":[{"name":"wp","href":"https:\/\/api.w.org\/{rel}","templated":true}]}}