{"id":171142,"date":"2020-05-23T12:49:05","date_gmt":"2020-05-23T15:49:05","guid":{"rendered":"https:\/\/www.caririemacao.com\/1\/?p=171142"},"modified":"2020-05-23T12:49:05","modified_gmt":"2020-05-23T15:49:05","slug":"funcionario-da-cagepa-sobra-em-curva-na-br-412-e-sofre-acidente-proximo-a-sao-joao-do-cariri","status":"publish","type":"post","link":"https:\/\/www.caririemacao.com\/1\/2020\/05\/23\/funcionario-da-cagepa-sobra-em-curva-na-br-412-e-sofre-acidente-proximo-a-sao-joao-do-cariri\/","title":{"rendered":"Funcion\u00e1rio da Cagepa sobra em curva na BR-412 e sofre acidente pr\u00f3ximo a S\u00e3o Jo\u00e3o do Cariri"},"content":{"rendered":"\n<p>Por volta das 09:30h da manh\u00e3 deste s\u00e1bado (23), um acidente foi registrado na BR-412 na curva que liga a Barraca do Bode, no s\u00edtio Picoito, munic\u00edpio de S\u00e3o Jo\u00e3o do Cariri.<\/p>\n\n\n\n<p>Segundo informa\u00e7\u00f5es colhidas pelo portal De Olho no Cariri, o funcion\u00e1rio (leitorista) da Cagepa, Leandro Francisco, natural da cidade de Monteiro, ficou ferido ap\u00f3s sobrar na curva da rodovia, vindo a cair e impactar violentamente sua cabe\u00e7a contra o ch\u00e3o.<\/p>\n\n\n\n<p>O caririzeiro teve algumas escoria\u00e7\u00f5es pelo corpo, al\u00e9m de sofrer uma forte pancada na cabe\u00e7a. O SAMU de Serra Branca foi acionado e encaminhou a v\u00edtima para Campina Grande.<\/p>\n\n\n\n<p>Segundo informa\u00e7\u00f5es apuradas por nossa reportagem, o funcion\u00e1rio Leandro passa bem.<\/p>\n\n\n\n<p><strong>De Olho no Cariri<\/strong><\/p>\n","protected":false},"excerpt":{"rendered":"<p>Por volta das 09:30h da manh\u00e3 deste s\u00e1bado (23), um acidente foi registrado na BR-412 na curva que liga a Barraca do Bode, no s\u00edtio&hellip; <\/p>\n","protected":false},"author":2,"featured_media":171143,"comment_status":"closed","ping_status":"closed","sticky":false,"template":"","format":"standard","meta":{"sfsi_plus_gutenberg_text_before_share":"","sfsi_plus_gutenberg_show_text_before_share":"","sfsi_plus_gutenberg_icon_type":"","sfsi_plus_gutenberg_icon_alignemt":"","sfsi_plus_gutenburg_max_per_row":"","footnotes":""},"categories":[12],"tags":[],"class_list":["post-171142","post","type-post","status-publish","format-standard","has-post-thumbnail","hentry","category-policia"],"_links":{"self":[{"href":"https:\/\/www.caririemacao.com\/1\/wp-json\/wp\/v2\/posts\/171142","targetHints":{"allow":["GET"]}}],"collection":[{"href":"https:\/\/www.caririemacao.com\/1\/wp-json\/wp\/v2\/posts"}],"about":[{"href":"https:\/\/www.caririemacao.com\/1\/wp-json\/wp\/v2\/types\/post"}],"author":[{"embeddable":true,"href":"https:\/\/www.caririemacao.com\/1\/wp-json\/wp\/v2\/users\/2"}],"replies":[{"embeddable":true,"href":"https:\/\/www.caririemacao.com\/1\/wp-json\/wp\/v2\/comments?post=171142"}],"version-history":[{"count":1,"href":"https:\/\/www.caririemacao.com\/1\/wp-json\/wp\/v2\/posts\/171142\/revisions"}],"predecessor-version":[{"id":171144,"href":"https:\/\/www.caririemacao.com\/1\/wp-json\/wp\/v2\/posts\/171142\/revisions\/171144"}],"wp:featuredmedia":[{"embeddable":true,"href":"https:\/\/www.caririemacao.com\/1\/wp-json\/wp\/v2\/media\/171143"}],"wp:attachment":[{"href":"https:\/\/www.caririemacao.com\/1\/wp-json\/wp\/v2\/media?parent=171142"}],"wp:term":[{"taxonomy":"category","embeddable":true,"href":"https:\/\/www.caririemacao.com\/1\/wp-json\/wp\/v2\/categories?post=171142"},{"taxonomy":"post_tag","embeddable":true,"href":"https:\/\/www.caririemacao.com\/1\/wp-json\/wp\/v2\/tags?post=171142"}],"curies":[{"name":"wp","href":"https:\/\/api.w.org\/{rel}","templated":true}]}}