{"id":171146,"date":"2020-05-23T13:05:14","date_gmt":"2020-05-23T16:05:14","guid":{"rendered":"https:\/\/www.caririemacao.com\/1\/?p=171146"},"modified":"2020-05-23T13:05:14","modified_gmt":"2020-05-23T16:05:14","slug":"prefeitura-de-monteiro-realiza-trabalhos-de-recuperacao-de-estradas-em-12-comunidades-rurais","status":"publish","type":"post","link":"https:\/\/www.caririemacao.com\/1\/2020\/05\/23\/prefeitura-de-monteiro-realiza-trabalhos-de-recuperacao-de-estradas-em-12-comunidades-rurais\/","title":{"rendered":"Prefeitura de Monteiro realiza trabalhos de recupera\u00e7\u00e3o de estradas em 12 comunidades rurais"},"content":{"rendered":"\n<p>A Prefeitura de Monteiro, atrav\u00e9s da Secretaria de Agricultura do munic\u00edpio realizou nesta quinta-feira,21, servi\u00e7os de recupera\u00e7\u00e3o de estradas nas comunidades de Tigre dos Torres at\u00e9 Pitombeira, &nbsp;S\u00edtio S\u00e3o Jos\u00e9, Santana, Lagoa Grande, Ara\u00e7\u00e1 e Fartura.<\/p>\n\n\n\n<p>J\u00e1 nesta sexta-feira, 22, as equipes est\u00e3o distribu\u00eddas entre as comunidades da Pitombeira, Santana, Aroeiras, Barreiros e Garapa, tamb\u00e9m com o servi\u00e7os de recupera\u00e7\u00e3o de estradas, solicita\u00e7\u00f5es recolhidas das comunidades atrav\u00e9s dos pedidos feitos na Secretaria de Agricultura, atrav\u00e9s de Associa\u00e7\u00f5es das Comunidades Rurais e locais identificados pelos profissionais.<\/p>\n\n\n\n<p>\u201cEstamos em um per\u00edodo de chuvas ocasionais o que dificulta bastante o trajeto dos moradores no sentido \u00e0 cidade. Nossas equipes est\u00e3o mobilizadas diariamente para atender \u00e0 estas necessidades\u201d, comenta a prefeita Anna Lorena, que recebe diariamente relat\u00f3rios sobre os servi\u00e7os executados pela secretaria.<\/p>\n\n\n\n<p>\u201cInformamos \u00e0s comunidades da zona rural que quando necessitarem de reposi\u00e7\u00e3o de l\u00e2mpadas e outros servi\u00e7os procurem sua associa\u00e7\u00e3o ou procurem a Secretaria de Agricultura, para solicitar seu pedido. Dentro do nosso cronograma ou conforme a necessidade todos os servi\u00e7os ser\u00e3o feitos\u201d, informa o secret\u00e1rio Erinaldo Bezerra ( Chova).<em>Ascom PMM<\/em><\/p>\n","protected":false},"excerpt":{"rendered":"<p>A Prefeitura de Monteiro, atrav\u00e9s da Secretaria de Agricultura do munic\u00edpio realizou nesta quinta-feira,21, servi\u00e7os de recupera\u00e7\u00e3o de estradas nas comunidades de Tigre dos Torres&hellip; <\/p>\n","protected":false},"author":2,"featured_media":171147,"comment_status":"closed","ping_status":"closed","sticky":false,"template":"","format":"standard","meta":{"sfsi_plus_gutenberg_text_before_share":"","sfsi_plus_gutenberg_show_text_before_share":"","sfsi_plus_gutenberg_icon_type":"","sfsi_plus_gutenberg_icon_alignemt":"","sfsi_plus_gutenburg_max_per_row":"","footnotes":""},"categories":[6],"tags":[],"class_list":["post-171146","post","type-post","status-publish","format-standard","has-post-thumbnail","hentry","category-cidades"],"_links":{"self":[{"href":"https:\/\/www.caririemacao.com\/1\/wp-json\/wp\/v2\/posts\/171146","targetHints":{"allow":["GET"]}}],"collection":[{"href":"https:\/\/www.caririemacao.com\/1\/wp-json\/wp\/v2\/posts"}],"about":[{"href":"https:\/\/www.caririemacao.com\/1\/wp-json\/wp\/v2\/types\/post"}],"author":[{"embeddable":true,"href":"https:\/\/www.caririemacao.com\/1\/wp-json\/wp\/v2\/users\/2"}],"replies":[{"embeddable":true,"href":"https:\/\/www.caririemacao.com\/1\/wp-json\/wp\/v2\/comments?post=171146"}],"version-history":[{"count":1,"href":"https:\/\/www.caririemacao.com\/1\/wp-json\/wp\/v2\/posts\/171146\/revisions"}],"predecessor-version":[{"id":171148,"href":"https:\/\/www.caririemacao.com\/1\/wp-json\/wp\/v2\/posts\/171146\/revisions\/171148"}],"wp:featuredmedia":[{"embeddable":true,"href":"https:\/\/www.caririemacao.com\/1\/wp-json\/wp\/v2\/media\/171147"}],"wp:attachment":[{"href":"https:\/\/www.caririemacao.com\/1\/wp-json\/wp\/v2\/media?parent=171146"}],"wp:term":[{"taxonomy":"category","embeddable":true,"href":"https:\/\/www.caririemacao.com\/1\/wp-json\/wp\/v2\/categories?post=171146"},{"taxonomy":"post_tag","embeddable":true,"href":"https:\/\/www.caririemacao.com\/1\/wp-json\/wp\/v2\/tags?post=171146"}],"curies":[{"name":"wp","href":"https:\/\/api.w.org\/{rel}","templated":true}]}}