{"id":171150,"date":"2020-05-23T13:09:10","date_gmt":"2020-05-23T16:09:10","guid":{"rendered":"https:\/\/www.caririemacao.com\/1\/?p=171150"},"modified":"2020-05-23T13:09:10","modified_gmt":"2020-05-23T16:09:10","slug":"gestao-de-camalau-instala-barreira-sanitaria-no-distrito-do-pindurao","status":"publish","type":"post","link":"https:\/\/www.caririemacao.com\/1\/2020\/05\/23\/gestao-de-camalau-instala-barreira-sanitaria-no-distrito-do-pindurao\/","title":{"rendered":"Gest\u00e3o de Camala\u00fa instala barreira sanit\u00e1ria no distrito do Pindur\u00e3o"},"content":{"rendered":"\n<p>O prefeito Sandro M\u00f4co n\u00e3o tem medido esfor\u00e7os e tem buscado junto com sua equipe de gest\u00e3o tra\u00e7ar e executar todas as a\u00e7\u00f5es poss\u00edveis para evitar a dissemina\u00e7\u00e3o do coronav\u00edrus na cidade de Camala\u00fa, uma das \u00fanicas do Cariri e do estado que ainda n\u00e3o teve casos positivos registrados.<\/p>\n\n\n\n<p><br>Na luta constante contra o Covid19, a gest\u00e3o municipal instalou uma barreira sanit\u00e1ria no Distrito do Pindur\u00e3o para ajudar ainda mais a evitar a entrada do v\u00edrus vindo de outras partes.<\/p>\n\n\n\n<p><br>\u201cTodo cuidado \u00e9 pouco, principalmente porque, praticamente todas as cidades j\u00e1 possuem casos. Esperamos contar com a colabora\u00e7\u00e3o de todos, principalmente das pessoas que est\u00e3o chegando de fora\u201d, alertou o prefeito Sandro.<\/p>\n","protected":false},"excerpt":{"rendered":"<p>O prefeito Sandro M\u00f4co n\u00e3o tem medido esfor\u00e7os e tem buscado junto com sua equipe de gest\u00e3o tra\u00e7ar e executar todas as a\u00e7\u00f5es poss\u00edveis para&hellip; <\/p>\n","protected":false},"author":2,"featured_media":171151,"comment_status":"closed","ping_status":"closed","sticky":false,"template":"","format":"standard","meta":{"sfsi_plus_gutenberg_text_before_share":"","sfsi_plus_gutenberg_show_text_before_share":"","sfsi_plus_gutenberg_icon_type":"","sfsi_plus_gutenberg_icon_alignemt":"","sfsi_plus_gutenburg_max_per_row":"","footnotes":""},"categories":[6],"tags":[],"class_list":["post-171150","post","type-post","status-publish","format-standard","has-post-thumbnail","hentry","category-cidades"],"_links":{"self":[{"href":"https:\/\/www.caririemacao.com\/1\/wp-json\/wp\/v2\/posts\/171150","targetHints":{"allow":["GET"]}}],"collection":[{"href":"https:\/\/www.caririemacao.com\/1\/wp-json\/wp\/v2\/posts"}],"about":[{"href":"https:\/\/www.caririemacao.com\/1\/wp-json\/wp\/v2\/types\/post"}],"author":[{"embeddable":true,"href":"https:\/\/www.caririemacao.com\/1\/wp-json\/wp\/v2\/users\/2"}],"replies":[{"embeddable":true,"href":"https:\/\/www.caririemacao.com\/1\/wp-json\/wp\/v2\/comments?post=171150"}],"version-history":[{"count":1,"href":"https:\/\/www.caririemacao.com\/1\/wp-json\/wp\/v2\/posts\/171150\/revisions"}],"predecessor-version":[{"id":171152,"href":"https:\/\/www.caririemacao.com\/1\/wp-json\/wp\/v2\/posts\/171150\/revisions\/171152"}],"wp:featuredmedia":[{"embeddable":true,"href":"https:\/\/www.caririemacao.com\/1\/wp-json\/wp\/v2\/media\/171151"}],"wp:attachment":[{"href":"https:\/\/www.caririemacao.com\/1\/wp-json\/wp\/v2\/media?parent=171150"}],"wp:term":[{"taxonomy":"category","embeddable":true,"href":"https:\/\/www.caririemacao.com\/1\/wp-json\/wp\/v2\/categories?post=171150"},{"taxonomy":"post_tag","embeddable":true,"href":"https:\/\/www.caririemacao.com\/1\/wp-json\/wp\/v2\/tags?post=171150"}],"curies":[{"name":"wp","href":"https:\/\/api.w.org\/{rel}","templated":true}]}}