{"id":171158,"date":"2020-05-23T13:40:58","date_gmt":"2020-05-23T16:40:58","guid":{"rendered":"https:\/\/www.caririemacao.com\/1\/?p=171158"},"modified":"2020-05-23T13:40:58","modified_gmt":"2020-05-23T16:40:58","slug":"medicamento-antiviral-melhora-tempo-de-recuperacao-de-pacientes-com-covid-19-diz-estudo","status":"publish","type":"post","link":"https:\/\/www.caririemacao.com\/1\/2020\/05\/23\/medicamento-antiviral-melhora-tempo-de-recuperacao-de-pacientes-com-covid-19-diz-estudo\/","title":{"rendered":"Medicamento antiviral melhora tempo de recupera\u00e7\u00e3o de pacientes com Covid-19, diz estudo"},"content":{"rendered":"\n<p>Um estudo publicado nesta sexta-feira (22) pelo &#8216;The New England Journal of Medicine&#8217; afirma que o medicamento antiviral experimental Remdesivir melhora o tempo de recupera\u00e7\u00e3o de pacientes de Covid-19 hospitalizados e com infec\u00e7\u00e3o do trato respirat\u00f3rio inferior.<\/p>\n\n\n\n<p>O estudo, patrocinado pelo Instituto Nacional de Alergia e Doen\u00e7as Infecciosas (NIAID) dos EUA, envolveu 1.063 pacientes em 10 pa\u00edses, durante um per\u00edodo de 58 dias, que consentiram em participar dos testes recebendo o medicamento ou um placebo.<\/p>\n\n\n\n<p>Os resultados apontam que, entre os que se recuperaram, aqueles que tomaram Remdesivir o fizeram em um prazo m\u00e9dio de 11 dias, comparados com os 15 dias necess\u00e1rios para os que receberam placebo.<\/p>\n\n\n\n<p>Os pacientes foram acompanhados diariamente durante o tratamento, usando uma escala com oito pontos, que variava da recupera\u00e7\u00e3o total \u00e0 morte. Foram considerados recuperados aqueles que tiveram alta hospitalar ou foram avaliados pelos m\u00e9dicos como estando em condi\u00e7\u00f5es f\u00edsicas de deixar o hospital.<\/p>\n\n\n\n<p>Houve tamb\u00e9m uma taxa de mortalidade menor entre o grupo que recebeu o Remdesivir, mas os pesquisadores afirmam que ela n\u00e3o \u00e9 estatisticamente significativa. Em um prazo de 14 dias, foi de 7,1% entre os que tomaram a droga, contra 11,9% entre os que n\u00e3o tomaram.<\/p>\n\n\n\n<p>O estudo apoia o uso do medicamento como terapia padr\u00e3o para pacientes hospitalizados com Covid-19 e que necessitam de oxigenoterapia suplementar, de acordo com os autores. No entanto, ressalta que essa taxa de mortalidade de 7,1% em 14 dias indica uma necessidade de avaliar a associa\u00e7\u00e3o a antivirais como outros agentes terap\u00eauticos.<\/p>\n","protected":false},"excerpt":{"rendered":"<p>Um estudo publicado nesta sexta-feira (22) pelo &#8216;The New England Journal of Medicine&#8217; afirma que o medicamento antiviral experimental Remdesivir melhora o tempo de recupera\u00e7\u00e3o&hellip; <\/p>\n","protected":false},"author":2,"featured_media":171159,"comment_status":"closed","ping_status":"closed","sticky":false,"template":"","format":"standard","meta":{"sfsi_plus_gutenberg_text_before_share":"","sfsi_plus_gutenberg_show_text_before_share":"","sfsi_plus_gutenberg_icon_type":"","sfsi_plus_gutenberg_icon_alignemt":"","sfsi_plus_gutenburg_max_per_row":"","footnotes":""},"categories":[16],"tags":[],"class_list":["post-171158","post","type-post","status-publish","format-standard","has-post-thumbnail","hentry","category-saude"],"_links":{"self":[{"href":"https:\/\/www.caririemacao.com\/1\/wp-json\/wp\/v2\/posts\/171158","targetHints":{"allow":["GET"]}}],"collection":[{"href":"https:\/\/www.caririemacao.com\/1\/wp-json\/wp\/v2\/posts"}],"about":[{"href":"https:\/\/www.caririemacao.com\/1\/wp-json\/wp\/v2\/types\/post"}],"author":[{"embeddable":true,"href":"https:\/\/www.caririemacao.com\/1\/wp-json\/wp\/v2\/users\/2"}],"replies":[{"embeddable":true,"href":"https:\/\/www.caririemacao.com\/1\/wp-json\/wp\/v2\/comments?post=171158"}],"version-history":[{"count":1,"href":"https:\/\/www.caririemacao.com\/1\/wp-json\/wp\/v2\/posts\/171158\/revisions"}],"predecessor-version":[{"id":171160,"href":"https:\/\/www.caririemacao.com\/1\/wp-json\/wp\/v2\/posts\/171158\/revisions\/171160"}],"wp:featuredmedia":[{"embeddable":true,"href":"https:\/\/www.caririemacao.com\/1\/wp-json\/wp\/v2\/media\/171159"}],"wp:attachment":[{"href":"https:\/\/www.caririemacao.com\/1\/wp-json\/wp\/v2\/media?parent=171158"}],"wp:term":[{"taxonomy":"category","embeddable":true,"href":"https:\/\/www.caririemacao.com\/1\/wp-json\/wp\/v2\/categories?post=171158"},{"taxonomy":"post_tag","embeddable":true,"href":"https:\/\/www.caririemacao.com\/1\/wp-json\/wp\/v2\/tags?post=171158"}],"curies":[{"name":"wp","href":"https:\/\/api.w.org\/{rel}","templated":true}]}}