{"id":171165,"date":"2020-05-23T13:47:46","date_gmt":"2020-05-23T16:47:46","guid":{"rendered":"https:\/\/www.caririemacao.com\/1\/?p=171165"},"modified":"2020-05-23T13:47:46","modified_gmt":"2020-05-23T16:47:46","slug":"estudo-afirma-que-mulheres-sao-as-mais-atingidas-pela-pandemia-do-coronavirus","status":"publish","type":"post","link":"https:\/\/www.caririemacao.com\/1\/2020\/05\/23\/estudo-afirma-que-mulheres-sao-as-mais-atingidas-pela-pandemia-do-coronavirus\/","title":{"rendered":"Estudo afirma que mulheres s\u00e3o as mais atingidas pela pandemia do Coronav\u00edrus"},"content":{"rendered":"\n<p>Um estudo realizado por pesquisadores da Universidades Federal da Para\u00edba (UFPB), afirma que as muheres s\u00e3o as mais afetadas pela pandemia do Covid-19. A vulnerabilidade referida est\u00e1 ligada ao desemprego e ao aumento da viol\u00eancia dom\u00e9stica.&nbsp;<\/p>\n\n\n\n<p>O assunto foi discutido pelas&nbsp;integrantes do Grupo de Estudos e Pesquisas em Economia Pol\u00edtica e Trabalho (Gepet), durante uma live nesta&nbsp;sexta-feira (22).&nbsp;<\/p>\n\n\n\n<p>De acordo com a professora Cl\u00e1udia Costa Gomes, o intuito da a\u00e7\u00e3o \u00e9 colaborar com o debate sobre a condi\u00e7\u00e3o das mulheres na conjuntura causada pela pandemia,&nbsp;analisando as suas condi\u00e7\u00f5es de trabalho em meio \u00e0 crise e \u00e0 viol\u00eancia sofrida por elas.<\/p>\n\n\n\n<p>As debatedoras s\u00e3o&nbsp;as pesquisadoras Leidiane Oliveira, professora do Departamento de Servi\u00e7o Social da UFPB, e Emanuelle Galdino, t\u00e9cnica da Ger\u00eancia Operacional de Enfrentamento \u00e0 Viol\u00eancia contra as Mulheres, da Secretaria da Mulher e da Diversidade Humana da Para\u00edba.<\/p>\n\n\n\n<p>Entre os principais dados&nbsp;debatidos durante a transmiss\u00e3o ao vivo, foi as jornadas de trabalho extensas, marcadas pela divis\u00e3o sexual do trabalho, e a inser\u00e7\u00e3o das mulheres no trabalho enquanto profissional de sa\u00fade.<\/p>\n\n\n\n<p>As pesquisadoras analisaram&nbsp;dados do&nbsp;relat\u00f3rio &#8220;Mulheres no centro da luta contra a crise Covid-19&#8221;,&nbsp;divulgado no final&nbsp;de mar\u00e7o pela&nbsp;ONU Mulheres,&nbsp;entidade da Organiza\u00e7\u00e3o das Na\u00e7\u00f5es Unidas&nbsp;para igualdade de g\u00eanero e empoderamento. Dados nacionais e regionais, como os da Secretaria de Seguran\u00e7a e da Defesa Social da Para\u00edba, tamb\u00e9m fundamentar\u00e3o o debate.<\/p>\n\n\n\n<p>A professora Leidiane Oliveira ressalta que, segundo os dados da ONU Mulheres e do Conselho Federal de Enfermagem, no Brasil, 85% dos trabalhadores de enfermagem s\u00e3o mulheres. Elas tamb\u00e9m s\u00e3o 45,6% da categoria dos m\u00e9dicos.<\/p>\n\n\n\n<p>Al\u00e9m disso, 85% dos cuidadores de idosos s\u00e3o mulheres. \u201cAs mulheres tamb\u00e9m s\u00e3o maioria no trabalho informal, desprotegidas de direitos trabalhistas e impossibilitadas de ficar em quarentena pela necessidade de continuar trabalhando\u201d.<\/p>\n\n\n\n<p>Com as escolas com atividades presenciais suspensas, as mulheres est\u00e3o tendo que se dedicar mais \u00e0s crian\u00e7as, aumentando, assim, a jornada de trabalho, que j\u00e1 era intensa.&nbsp;<\/p>\n\n\n\n<p>\u201cGeralmente, s\u00e3o elas quem assumem o trabalho de casa e, por vezes, o trabalho de fora, o que soma a chamada dupla jornada, que agora praticamente se tornou uma tripla jornada em fun\u00e7\u00e3o dessas novas demandas no \u00e2mbito familiar\u201d, diz a professora Leidiane.<\/p>\n\n\n\n<p>A pesquisadora destaca, ainda, que, conforme dados do Minist\u00e9rio da Mulher, da Fam\u00edlia e dos Direitos Humanos, as liga\u00e7\u00f5es para a Central de Atendimento \u00e0 Mulher pelo&nbsp;, relativas \u00e0 viol\u00eancia&nbsp;dom\u00e9stica, est\u00e3o aumentando durante a pandemia.<br>Em abril, foi registrado o aumento de 35% no n\u00famero de den\u00fancias de viol\u00eancia contra as mulheres. Emanuelle Galdino vai discutir dados da Para\u00edba sobre viol\u00eancia&nbsp;dom\u00e9stica e feminic\u00eddio.<\/p>\n","protected":false},"excerpt":{"rendered":"<p>Um estudo realizado por pesquisadores da Universidades Federal da Para\u00edba (UFPB), afirma que as muheres s\u00e3o as mais afetadas pela pandemia do Covid-19. A vulnerabilidade&hellip; <\/p>\n","protected":false},"author":2,"featured_media":156869,"comment_status":"closed","ping_status":"closed","sticky":false,"template":"","format":"standard","meta":{"sfsi_plus_gutenberg_text_before_share":"","sfsi_plus_gutenberg_show_text_before_share":"","sfsi_plus_gutenberg_icon_type":"","sfsi_plus_gutenberg_icon_alignemt":"","sfsi_plus_gutenburg_max_per_row":"","footnotes":""},"categories":[2],"tags":[],"class_list":["post-171165","post","type-post","status-publish","format-standard","has-post-thumbnail","hentry","category-geral"],"_links":{"self":[{"href":"https:\/\/www.caririemacao.com\/1\/wp-json\/wp\/v2\/posts\/171165","targetHints":{"allow":["GET"]}}],"collection":[{"href":"https:\/\/www.caririemacao.com\/1\/wp-json\/wp\/v2\/posts"}],"about":[{"href":"https:\/\/www.caririemacao.com\/1\/wp-json\/wp\/v2\/types\/post"}],"author":[{"embeddable":true,"href":"https:\/\/www.caririemacao.com\/1\/wp-json\/wp\/v2\/users\/2"}],"replies":[{"embeddable":true,"href":"https:\/\/www.caririemacao.com\/1\/wp-json\/wp\/v2\/comments?post=171165"}],"version-history":[{"count":1,"href":"https:\/\/www.caririemacao.com\/1\/wp-json\/wp\/v2\/posts\/171165\/revisions"}],"predecessor-version":[{"id":171166,"href":"https:\/\/www.caririemacao.com\/1\/wp-json\/wp\/v2\/posts\/171165\/revisions\/171166"}],"wp:featuredmedia":[{"embeddable":true,"href":"https:\/\/www.caririemacao.com\/1\/wp-json\/wp\/v2\/media\/156869"}],"wp:attachment":[{"href":"https:\/\/www.caririemacao.com\/1\/wp-json\/wp\/v2\/media?parent=171165"}],"wp:term":[{"taxonomy":"category","embeddable":true,"href":"https:\/\/www.caririemacao.com\/1\/wp-json\/wp\/v2\/categories?post=171165"},{"taxonomy":"post_tag","embeddable":true,"href":"https:\/\/www.caririemacao.com\/1\/wp-json\/wp\/v2\/tags?post=171165"}],"curies":[{"name":"wp","href":"https:\/\/api.w.org\/{rel}","templated":true}]}}